[{"@context":"https:\/\/schema.org\/","@type":"Article","@id":"https:\/\/www.regec.cz\/zamestnanec-chce-dat-vypoved-presvedcte-ho-at-to-nedela\/#Article","mainEntityOfPage":"https:\/\/www.regec.cz\/zamestnanec-chce-dat-vypoved-presvedcte-ho-at-to-nedela\/","headline":"Zam\u011bstnanec chce d\u00e1t v\u00fdpov\u011b\u010f. P\u0159esv\u011bd\u010dte ho, a\u0165 to ned\u011bl\u00e1","name":"Zam\u011bstnanec chce d\u00e1t v\u00fdpov\u011b\u010f. P\u0159esv\u011bd\u010dte ho, a\u0165 to ned\u011bl\u00e1","description":"Slovo kon\u010d\u00edm! Slovo, kter\u00e9 v\u00a0r\u016fzn\u00fdch \u017eivotn\u00edch situac\u00edch m\u016f\u017ee mnoho z\u00a0n\u00e1s p\u0159iv\u00e1d\u011bt do mdlob. Pokud ov\u0161em \u0161\u00e9fujete v\u00fdkonn\u00e9mu a \u00fasp\u011b\u0161n\u00e9mu t\u00fdmu, i odchod jednoho \u010dlena m\u016f\u017ee naru\u0161it tento \u00fasp\u011b\u0161n\u00fd celek. Je","datePublished":"2019-05-18","dateModified":"2019-05-18","author":{"@type":"Person","@id":"https:\/\/www.regec.cz\/author\/#Person","name":"","url":"https:\/\/www.regec.cz\/author\/","identifier":1,"image":{"@type":"ImageObject","@id":"https:\/\/secure.gravatar.com\/avatar\/c065076eb86551fdb70725c8063acf1b60a8edaed14ed654228c4cba13121c83?s=96&d=mm&r=g","url":"https:\/\/secure.gravatar.com\/avatar\/c065076eb86551fdb70725c8063acf1b60a8edaed14ed654228c4cba13121c83?s=96&d=mm&r=g","height":96,"width":96}},"publisher":{"@type":"Organization","name":"regec.cz","logo":{"@type":"ImageObject","@id":"\/logo.png","url":"\/logo.png","width":600,"height":60}},"image":{"@type":"ImageObject","@id":"https:\/\/www.regec.cz\/wp-content\/uploads\/img_a345322_w2946_t1558984155.jpg","url":"https:\/\/www.regec.cz\/wp-content\/uploads\/img_a345322_w2946_t1558984155.jpg","height":0,"width":0},"url":"https:\/\/www.regec.cz\/zamestnanec-chce-dat-vypoved-presvedcte-ho-at-to-nedela\/","wordCount":427,"articleBody":"Slovo kon\u010d\u00edm! Slovo, kter\u00e9 v\u00a0r\u016fzn\u00fdch \u017eivotn\u00edch situac\u00edch m\u016f\u017ee mnoho z\u00a0n\u00e1s p\u0159iv\u00e1d\u011bt do mdlob. Pokud ov\u0161em \u0161\u00e9fujete v\u00fdkonn\u00e9mu a \u00fasp\u011b\u0161n\u00e9mu t\u00fdmu, i odchod jednoho \u010dlena m\u016f\u017ee naru\u0161it tento \u00fasp\u011b\u0161n\u00fd celek. Je to no\u010dn\u00ed m\u016fra v\u0161ech v\u00fdkonn\u00fdch mana\u017eer\u016f, kte\u0159\u00ed se sna\u017e\u00ed sestavit takov\u00fd t\u00fdm i n\u011bkolik let. Zkuste si nyn\u00ed takovou situaci p\u0159edstavit. V\u00edte, jak byste argumentovali nebo jak byste v\u00a0dan\u00e9 situaci postupovali? Zvl\u00e1dli byste ust\u00e1t p\u0159\u00edval je\u0161itnosti a nechali nevd\u011b\u010dn\u00edka odej\u00edt nebo byste se pokusili celou situaci zachr\u00e1nit a kolegu je\u0161t\u011b p\u0159emluvit, aby odchod dob\u0159e zv\u00e1\u017eil? Nic nen\u00ed nemo\u017en\u00e9, p\u0159e\u010dtete si n\u011bkolik argument\u016f, se kter\u00fdmi se v\u00e1m to m\u016f\u017ee pov\u00e9st. \u00a0Zaj\u00edmejte se o sv\u00e9 zam\u011bstnanceNa stole v\u00e1m pr\u00e1v\u011b p\u0159ist\u00e1l pap\u00edr s\u00a0v\u00fdpov\u011bd\u00ed pracovn\u00edho pom\u011bru, co d\u011blat? Zkuste zapojit svoj\u00ed iniciativu. Takov\u00e9 rozhodnut\u00ed rozhodn\u011b nep\u0159ijde jen tak, doty\u010dn\u00fd o n\u011bm ur\u010dit\u011b dlouho p\u0159em\u00fd\u0161lel. V\u011bt\u0161inou se jedn\u00e1 o velmi dlouh\u00fd rozhoduj\u00edc\u00ed proces, kdy si doty\u010dn\u00fd d\u00e1 na misky vah v\u00fdhody a nev\u00fdhody v\u00a0dan\u00e9m zam\u011bstn\u00e1n\u00ed a podle toho se rozhodne. U doty\u010dn\u00e9ho m\u016f\u017eete tyto kroky velmi snadno vypozorovat, jedn\u00e1 se o nenad\u00e1lou zm\u011bnu chov\u00e1n\u00ed, \u010detnost a forma komunikace nebo \u00farove\u0148, kterou dan\u00fd \u010dlov\u011bk pln\u00ed svoje \u00fakoly. Jakmile za\u010dnete pozorovat, \u017ee se za\u010dnou objevovat v\u00fdkyvy v\u00a0dob\u0159e zajet\u00fdch kolej\u00ed, pokuste se jednat. S\u00a0dan\u00fdm \u010dlov\u011bkem si sjednejte osobn\u00ed sch\u016fzku a proberte s\u00a0n\u00edm, pro\u010d se jeho chov\u00e1n\u00ed zm\u011bnilo. Zp\u011btn\u00e1 vazba mezi \u0161\u00e9fem a pod\u0159\u00edzen\u00fdmi je velmi d\u016fle\u017eit\u00e1, proto\u017ee spokojen\u00ed zam\u011bstnanci z\u00a0firmy neodch\u00e1zej\u00ed!\u00a0Kde se stal probl\u00e9m?Pokud se v\u00e1m prvotn\u00ed n\u00e1znaky nepoda\u0159\u00ed hned odhalit, nepolevujte. Sna\u017ete se naj\u00edt p\u0159\u00ed\u010dinu, kter\u00e1 konkr\u00e9tn\u011b zap\u0159\u00ed\u010dinila toto z\u00e1sadn\u00ed rozhodnut\u00ed. Jsou na vin\u011b pen\u00edze? Ve v\u011bt\u0161in\u011b p\u0159\u00edpad\u016f se jedn\u00e1 o daleko hlub\u0161\u00ed probl\u00e9m. Pokud si doty\u010dn\u00fd na\u0161el lep\u0161\u00ed pr\u00e1ci s\u00a0daleko z\u00e1vratn\u011bj\u0161\u00ed sumou, m\u016f\u017eete nab\u00eddnout adekv\u00e1tn\u00ed protinab\u00eddku. Ov\u0161em m\u011bjte na pam\u011bti, \u017ee se m\u016f\u017ee jednat pouze o do\u010dasnou motivaci.\u00a0                                                                                                                                                                                                                                                                                                                                                                                        3.6\/5 - (9 votes)        "},{"@context":"https:\/\/schema.org\/","@type":"BreadcrumbList","itemListElement":[{"@type":"ListItem","position":1,"name":"Zam\u011bstnanec chce d\u00e1t v\u00fdpov\u011b\u010f. P\u0159esv\u011bd\u010dte ho, a\u0165 to ned\u011bl\u00e1","item":"https:\/\/www.regec.cz\/zamestnanec-chce-dat-vypoved-presvedcte-ho-at-to-nedela\/#breadcrumbitem"}]}]