[{"@context":"https:\/\/schema.org\/","@type":"Article","@id":"https:\/\/www.regec.cz\/zalozeni-blogu\/#Article","mainEntityOfPage":"https:\/\/www.regec.cz\/zalozeni-blogu\/","headline":"Zalo\u017een\u00ed blogu","name":"Zalo\u017een\u00ed blogu","description":"Mo\u017en\u00e1 n\u011bkdy m\u00edv\u00e1te \u00favahy, kter\u00e9 pova\u017eujete za origin\u00e1ln\u00ed, \u010di dokonce geni\u00e1ln\u00ed. Nebo n\u011bco um\u00edte, o co byste se r\u00e1di pod\u011blili s ostatn\u00edmi. Mo\u017en\u00e1 nav\u00edc uva\u017eujete, \u017ee se v budoucnu budete","datePublished":"2019-11-11","dateModified":"2023-05-22","author":{"@type":"Person","@id":"https:\/\/www.regec.cz\/author\/#Person","name":"","url":"https:\/\/www.regec.cz\/author\/","identifier":1,"image":{"@type":"ImageObject","@id":"https:\/\/secure.gravatar.com\/avatar\/c065076eb86551fdb70725c8063acf1b60a8edaed14ed654228c4cba13121c83?s=96&d=mm&r=g","url":"https:\/\/secure.gravatar.com\/avatar\/c065076eb86551fdb70725c8063acf1b60a8edaed14ed654228c4cba13121c83?s=96&d=mm&r=g","height":96,"width":96}},"publisher":{"@type":"Organization","name":"regec.cz","logo":{"@type":"ImageObject","@id":"\/logo.png","url":"\/logo.png","width":600,"height":60}},"image":{"@type":"ImageObject","@id":"https:\/\/www.regec.cz\/wp-content\/uploads\/img_a361678_w3347_t1574866639.jpg","url":"https:\/\/www.regec.cz\/wp-content\/uploads\/img_a361678_w3347_t1574866639.jpg","height":0,"width":0},"url":"https:\/\/www.regec.cz\/zalozeni-blogu\/","about":["Www"],"wordCount":569,"articleBody":"Mo\u017en\u00e1 n\u011bkdy m\u00edv\u00e1te \u00favahy, kter\u00e9 pova\u017eujete za origin\u00e1ln\u00ed, \u010di dokonce geni\u00e1ln\u00ed. Nebo n\u011bco um\u00edte, o co byste se r\u00e1di pod\u011blili s ostatn\u00edmi. Mo\u017en\u00e1 nav\u00edc uva\u017eujete, \u017ee se v budoucnu budete sv\u00fdm kon\u00ed\u010dkem \u017eivit, ale pr\u00e1v\u011b te\u010f byste jen cht\u011bli d\u00e1t v\u011bd\u011bt ostatn\u00edm, co um\u00edte a z\u00edskat n\u00e1zory ostatn\u00edch \u010di tipy, jak se je\u0161t\u011b zdokonalit. V tom v\u0161em V\u00e1m m\u016f\u017ee b\u00fdt n\u00e1pomocn\u00fd blog.&#13; &#13; &#13; &#13; Blog m\u016f\u017ee b\u00fdt zdarma&#13; &#13; Chcete-li se st\u00e1t blogerem, tak k tomu vede velmi snadn\u00e1 cesta. Na internetu najdete \u0159adu mo\u017enost\u00ed, kde m\u016f\u017eete sv\u016fj prvn\u00ed blog zalo\u017eit. Pro za\u010d\u00e1tek mo\u017en\u00e1 budete cht\u00edt zkusit sp\u00ed\u0161e neplacen\u00e9 platformy, abyste zjistili, zda je to sm\u011br, kter\u00fdm se skute\u010dn\u011b chcete d\u00e1t. Pro tyto \u00fa\u010dely si m\u016f\u017eete vybrat n\u011bkterou z platforem, jako jsou webndone.cz, blog.idnes.cz nebo blog.cz. Sta\u010d\u00ed do vyhled\u00e1va\u010de zadat v\u00e1\u0161 po\u017eadavek na zalo\u017een\u00ed blogu zdarma a vybrat si dle vlastn\u00edch sympati\u00ed.&#13; &#13; Nemus\u00edte se ob\u00e1vat ani slo\u017eit\u00e9ho nastavov\u00e1n\u00ed Va\u0161ich str\u00e1nek. Obvykle je V\u00e1m k dispozici n\u011bkolik vzor\u016f, kter\u00e9 si m\u016f\u017eete velmi jednodu\u0161e upravit.&#13; &#13; Nev\u00fdhodou neplacen\u00fdch platforem je, \u017ee Va\u0161e adresa bude zahrnovat i n\u00e1zev platformy, a proto bude dlouh\u00e1 a h\u016f\u0159e zapamatovateln\u00e1.&#13; &#13; &#13; Placen\u00e9 blogy&#13; &#13; Pokud chcete sv\u016fj blog posunout o stupe\u0148 v\u00fd\u0161e, nebo k n\u011bmu chcete p\u0159ipojit podnik\u00e1n\u00ed, pak pro V\u00e1s bude lep\u0161\u00ed cestou zaregistrovat si dom\u00e9nu a z\u0159\u00eddit si vlastn\u00ed hosting. Pot\u00e9 nainstalujte syst\u00e9m WordPress, a ten V\u00e1m nab\u00eddne \u0161ablony pro V\u00e1\u0161 blog jak placen\u00e9, tak neplacen\u00e9.&#13; &#13; Kdy\u017e m\u00e1te sv\u016fj blog, tak je na \u0159ad\u011b vylad\u011bn\u00ed jeho designu. Pro lep\u0161\u00ed p\u0159ehlednost pom\u00e1h\u00e1, aby byl st\u0159\u00eddm\u00fd co do po\u010dtu barev, typ\u016f p\u00edsma a celkov\u00e9 grafiky. Vzhled jednotliv\u00fdch str\u00e1nek by m\u011bl b\u00fdt konzistentn\u00ed.&#13; &#13; Samotn\u00fd obsah je pak zcela ve Va\u0161\u00ed re\u017eii. A\u0165 u\u017e ho budete zapl\u0148ovat sv\u00fdmi v\u00fdrobky, n\u00e1pady \u010di my\u0161lenkami, m\u011bjte na pam\u011bti, co zaj\u00edm\u00e1 Va\u0161e c\u00edlov\u00e9 publikum. Jak vytvo\u0159it sv\u016fj web zaj\u00edmav\u00fdm nejen z hlediska psan\u00e9ho obsahu, ale i vizu\u00e1ln\u00edho. K del\u0161\u00edmu psan\u00e9mu textu se hod\u00ed pou\u017e\u00edvat obr\u00e1zky, kter\u00e9 text o\u017eiv\u00ed. Pokud nem\u00e1te k dispozici sv\u00e9 vlastn\u00ed, m\u016f\u017eete s\u00e1hnout po n\u011bkter\u00e9 fotobance, kter\u00e1 nab\u00edz\u00ed obr\u00e1zky mnohdy i zcela zdarma.&#13; &#13; M\u00e1te-li v \u00famyslu vyu\u017e\u00edvat sv\u016fj blog pro podnik\u00e1n\u00ed, pom\u016f\u017ee V\u00e1m, kdy\u017e na n\u011bm budete m\u00edt praktick\u00e9 \u010dl\u00e1nky, kter\u00e9 se budou t\u00fdkat p\u0159\u00edmo Va\u0161\u00ed \u010dinnosti, nebo budou ukazovat, jak pou\u017e\u00edvat Va\u0161e v\u00fdrobky.&#13; &#13; Ur\u010dit\u011b je se V\u00e1m vyplat\u00ed pod\u00edvat se pro inspiraci i na jin\u00e9 blogy, kter\u00e9 jsou tematicky podobn\u00e9 tomu Va\u0161emu, ale nekop\u00edrujte je. Blog, kter\u00fd vynikne je obvykle n\u011b\u010d\u00edm origin\u00e1ln\u00ed a zaj\u00edmav\u00fd pro jeho \u010dten\u00e1\u0159e.&#13; &#13; \u00dasp\u011b\u0161nost blogu z\u00e1vis\u00ed na mnoha faktorech a mnohdy i na \u0161t\u011bst\u00ed. Vyplat\u00ed se v\u0161ak j\u00edt tomu \u0161t\u011bst\u00ed trochu naproti.&#13;                                                                                                                                                                                                                                                                                                                                                                                         4.1\/5 - (14 votes)        "},{"@context":"https:\/\/schema.org\/","@type":"BreadcrumbList","itemListElement":[{"@type":"ListItem","position":1,"name":"Zalo\u017een\u00ed blogu","item":"https:\/\/www.regec.cz\/zalozeni-blogu\/#breadcrumbitem"}]}]