[{"@context":"https:\/\/schema.org\/","@type":"Article","@id":"https:\/\/www.regec.cz\/vyberte-si-tu-spravnou-mikrovlnku\/#Article","mainEntityOfPage":"https:\/\/www.regec.cz\/vyberte-si-tu-spravnou-mikrovlnku\/","headline":"Vyberte si tu spr\u00e1vnou mikrovlnku","name":"Vyberte si tu spr\u00e1vnou mikrovlnku","description":"Mikrovlnn\u00e9 trouby do \u010desk\u00fdch kuchyn\u00ed neodmysliteln\u011b pat\u0159\u00ed ji\u017e n\u011bjak\u00fd ten p\u00e1tek a nen\u00ed snad dom\u00e1cnost, ve kter\u00e9 by se alespo\u0148 jedna nevyskytovala. Sou\u010dasn\u00e9 modely v\u0161ak nefunguj\u00ed u\u017e pouze na oh\u0159\u00edv\u00e1n\u00ed","datePublished":"2019-06-16","dateModified":"2023-05-22","author":{"@type":"Person","@id":"https:\/\/www.regec.cz\/author\/#Person","name":"","url":"https:\/\/www.regec.cz\/author\/","identifier":1,"image":{"@type":"ImageObject","@id":"https:\/\/secure.gravatar.com\/avatar\/c065076eb86551fdb70725c8063acf1b60a8edaed14ed654228c4cba13121c83?s=96&d=mm&r=g","url":"https:\/\/secure.gravatar.com\/avatar\/c065076eb86551fdb70725c8063acf1b60a8edaed14ed654228c4cba13121c83?s=96&d=mm&r=g","height":96,"width":96}},"publisher":{"@type":"Organization","name":"regec.cz","logo":{"@type":"ImageObject","@id":"\/logo.png","url":"\/logo.png","width":600,"height":60}},"image":{"@type":"ImageObject","@id":"https:\/\/www.regec.cz\/wp-content\/uploads\/img_a347806_w2634_t1562409474.png","url":"https:\/\/www.regec.cz\/wp-content\/uploads\/img_a347806_w2634_t1562409474.png","height":0,"width":0},"url":"https:\/\/www.regec.cz\/vyberte-si-tu-spravnou-mikrovlnku\/","wordCount":407,"articleBody":"Mikrovlnn\u00e9 trouby do \u010desk\u00fdch kuchyn\u00ed neodmysliteln\u011b pat\u0159\u00ed ji\u017e n\u011bjak\u00fd ten p\u00e1tek a nen\u00ed snad dom\u00e1cnost, ve kter\u00e9 by se alespo\u0148 jedna nevyskytovala. Sou\u010dasn\u00e9 modely v\u0161ak nefunguj\u00ed u\u017e pouze na oh\u0159\u00edv\u00e1n\u00ed rozli\u010dn\u00fdch pokrm\u016f, ale maj\u00ed daleko \u0161ir\u0161\u00ed vyu\u017eit\u00ed. Mnoh\u00e9 z nich dokonce mohou fungovat i jako n\u00e1hra\u017eka tradi\u010dn\u00ed trouby. Ne v\u017edy v\u0161ak v\u0161echny funkce ocen\u00edte. Pro to je vhodn\u00e9 p\u0159i koupi trochu p\u0159em\u00fd\u0161let.\u2013\u00a0\u00a0\u00a0\u00a0\u00a0\u00a0\u00a0 Z\u00e1kladn\u00edm parametrem, na kter\u00fd byste m\u011bli br\u00e1t hlavn\u00ed z\u0159etel, je samoz\u0159ejm\u011b velikost. Mikrovlnn\u00e9 trouby obecn\u011b nejsou zas tak velk\u00e9, aby se pro n\u011b nena\u0161lo m\u00edsto, ale pro\u010d zab\u00edrat zbyte\u010dn\u011b v\u00edce prostoru, kdy\u017e to nen\u00ed nutn\u00e9. Pokud pot\u0159ebujete jen z\u00e1kladn\u00ed mikrovlnku, kter\u00e1 bude m\u00edt jen n\u011bkolika m\u00e1lo funkc\u00ed, \u00fapln\u011b si vysta\u010d\u00edte s men\u0161\u00edm typem. Cel\u00e9ho krocana v n\u00ed asi neupe\u010dete, ale alespo\u0148 u\u0161et\u0159\u00edte m\u00edsto i pen\u00edze.\u2013\u00a0\u00a0\u00a0\u00a0\u00a0\u00a0\u00a0 Tak\u00e9 je vhodn\u00e9 vybrat si typ dle ulo\u017een\u00ed. N\u011bkter\u00e9 modely jsou samostatn\u011b stoj\u00edc\u00ed, jin\u00e9 pat\u0159\u00ed mezi vestav\u011bn\u00e9 druhy. Rozd\u011blen\u00ed je to jednoduch\u00e9. Prvn\u00ed typ m\u016f\u017eete d\u00e1t prakticky kamkoliv, druh\u00fd bude pot\u0159eba vm\u011bstnat do kuchy\u0148sk\u00e9 linky.\u2013\u00a0\u00a0\u00a0\u00a0\u00a0\u00a0\u00a0 V\u0161echny mikrovlnn\u00e9 trouby maj\u00ed v\u00edce funkc\u00ed, a to i ty nejlevn\u011bj\u0161\u00ed. Je nutn\u00e9 v\u011bd\u011bt, \u017ee \u010d\u00edm v\u00edce funkc\u00ed, t\u00edm vy\u0161\u0161\u00ed obnos zaplat\u00edte. Nemus\u00edte si tak po\u0159izovat model, kter\u00fd bude um\u011bt pomalu i l\u00edtat na vesm\u00edru, kdy\u017e to nepot\u0159ebujete. Kupte si spot\u0159ebi\u010d, kter\u00fd bude m\u00edt funkce, o kter\u00fdch v\u00edte, \u017ee zu\u017eitkujete.\u2013\u00a0\u00a0\u00a0\u00a0\u00a0\u00a0\u00a0 Zapom\u00ednat byste nem\u011bli ani na spot\u0159ebu. I kdy\u017e mikrovlnn\u00e1 trouba nen\u00ed lednice, zvl\u00e1\u0161t\u011b typy s mnoha funkcemi mohou b\u00fdt velmi n\u00e1ro\u010dn\u00e9 na provoz. Ide\u00e1ln\u00ed je po\u0159\u00eddit si spot\u0159ebi\u010d, kter\u00fd bude m\u00edt na \u0161t\u00edtku ozna\u010den\u00ed A++. Takov\u00e9 jsou energeticky nejm\u00e9n\u011b n\u00e1ro\u010dn\u00e9 a jejich pou\u017e\u00edv\u00e1n\u00ed v\u00e1s nebude st\u00e1t \u017e\u00e1dn\u00e9 horentn\u00ed sumy. V\u017edy je n\u011bco za n\u011bco a ani zde nen\u00ed v\u00fdjimka. Mikrovlnn\u00e9 trouby ozna\u010den\u00e9 A++ jsou obvykle dra\u017e\u0161\u00ed ne\u017e modely, kter\u00e9 maj\u00ed vy\u0161\u0161\u00ed spot\u0159ebu. Obecn\u011b v\u0161ak plat\u00ed, \u017ee investice do elektrospot\u0159ebi\u010de se skromn\u011bj\u0161\u00ed spot\u0159ebou se vyplat\u00ed v podstat\u011b v\u017edy.                                                                                                                                                                                                                                                                                                                                                                                        4\/5 - (7 votes)        "},{"@context":"https:\/\/schema.org\/","@type":"BreadcrumbList","itemListElement":[{"@type":"ListItem","position":1,"name":"Vyberte si tu spr\u00e1vnou mikrovlnku","item":"https:\/\/www.regec.cz\/vyberte-si-tu-spravnou-mikrovlnku\/#breadcrumbitem"}]}]