{"@context":"https:\/\/schema.org\/","@type":"CollectionPage","@id":"https:\/\/www.regec.cz\/sluzby\/#CollectionPage","headline":"Slu\u017eby Category","description":"","url":"https:\/\/www.regec.cz\/sluzby\/","hasPart":[{"@type":"Article","@id":"https:\/\/www.regec.cz\/technicka-freza\/","headline":"Technick\u00e1 fr\u00e9za","url":"https:\/\/www.regec.cz\/technicka-freza\/","datePublished":"2020-04-13","dateModified":"2023-05-22","mainEntityOfPage":"https:\/\/www.regec.cz\/technicka-freza\/","author":{"@type":"Person","@id":"https:\/\/www.regec.cz\/author\/#Person","name":"","url":"https:\/\/www.regec.cz\/author\/","identifier":1,"image":{"@type":"ImageObject","@id":"https:\/\/secure.gravatar.com\/avatar\/c065076eb86551fdb70725c8063acf1b60a8edaed14ed654228c4cba13121c83?s=96&d=mm&r=g","url":"https:\/\/secure.gravatar.com\/avatar\/c065076eb86551fdb70725c8063acf1b60a8edaed14ed654228c4cba13121c83?s=96&d=mm&r=g","height":96,"width":96}},"publisher":{"@type":"Organization","name":"regec.cz","logo":{"@type":"ImageObject","@id":"\/logo.png","url":"\/logo.png","width":600,"height":60}},"image":{"@type":"ImageObject","@id":"https:\/\/www.regec.cz\/wp-content\/uploads\/n%C3%A1stroj%20na%20fr%C3%A9zov%C3%A1n%C3%AD.png","url":"https:\/\/www.regec.cz\/wp-content\/uploads\/n%C3%A1stroj%20na%20fr%C3%A9zov%C3%A1n%C3%AD.png","height":0,"width":0},"keywords":null},{"@type":"Article","@id":"https:\/\/www.regec.cz\/jak-se-provadi-uklid-kancelari\/","headline":"Jak se prov\u00e1d\u00ed \u00faklid kancel\u00e1\u0159\u00ed","url":"https:\/\/www.regec.cz\/jak-se-provadi-uklid-kancelari\/","datePublished":"2020-03-07","dateModified":"2023-05-22","mainEntityOfPage":"https:\/\/www.regec.cz\/jak-se-provadi-uklid-kancelari\/","author":{"@type":"Person","@id":"https:\/\/www.regec.cz\/author\/#Person","name":"","url":"https:\/\/www.regec.cz\/author\/","identifier":1,"image":{"@type":"ImageObject","@id":"https:\/\/secure.gravatar.com\/avatar\/c065076eb86551fdb70725c8063acf1b60a8edaed14ed654228c4cba13121c83?s=96&d=mm&r=g","url":"https:\/\/secure.gravatar.com\/avatar\/c065076eb86551fdb70725c8063acf1b60a8edaed14ed654228c4cba13121c83?s=96&d=mm&r=g","height":96,"width":96}},"publisher":{"@type":"Organization","name":"regec.cz","logo":{"@type":"ImageObject","@id":"\/logo.png","url":"\/logo.png","width":600,"height":60}},"image":{"@type":"ImageObject","@id":"https:\/\/www.regec.cz\/wp-content\/uploads\/uklid3.png","url":"https:\/\/www.regec.cz\/wp-content\/uploads\/uklid3.png","height":0,"width":0},"keywords":null},{"@type":"Article","@id":"https:\/\/www.regec.cz\/i-tezky-ukol-je-s-profiky-po-boku-hracka\/","headline":"I t\u011b\u017ek\u00fd \u00fakol je s prof\u00edky po boku hra\u010dka","url":"https:\/\/www.regec.cz\/i-tezky-ukol-je-s-profiky-po-boku-hracka\/","datePublished":"2020-02-23","dateModified":"2023-05-22","mainEntityOfPage":"https:\/\/www.regec.cz\/i-tezky-ukol-je-s-profiky-po-boku-hracka\/","author":{"@type":"Person","@id":"https:\/\/www.regec.cz\/author\/#Person","name":"","url":"https:\/\/www.regec.cz\/author\/","identifier":1,"image":{"@type":"ImageObject","@id":"https:\/\/secure.gravatar.com\/avatar\/c065076eb86551fdb70725c8063acf1b60a8edaed14ed654228c4cba13121c83?s=96&d=mm&r=g","url":"https:\/\/secure.gravatar.com\/avatar\/c065076eb86551fdb70725c8063acf1b60a8edaed14ed654228c4cba13121c83?s=96&d=mm&r=g","height":96,"width":96}},"publisher":{"@type":"Organization","name":"regec.cz","logo":{"@type":"ImageObject","@id":"\/logo.png","url":"\/logo.png","width":600,"height":60}},"image":{"@type":"ImageObject","@id":"https:\/\/www.regec.cz\/wp-content\/uploads\/img_a380223_w3278_t1591703403.jpg","url":"https:\/\/www.regec.cz\/wp-content\/uploads\/img_a380223_w3278_t1591703403.jpg","height":0,"width":0},"keywords":null},{"@type":"Article","@id":"https:\/\/www.regec.cz\/huawei-p20-lite\/","headline":"Huawei P20 Lite","url":"https:\/\/www.regec.cz\/huawei-p20-lite\/","datePublished":"2019-10-24","dateModified":"2023-05-22","mainEntityOfPage":"https:\/\/www.regec.cz\/huawei-p20-lite\/","author":{"@type":"Person","@id":"https:\/\/www.regec.cz\/author\/#Person","name":"","url":"https:\/\/www.regec.cz\/author\/","identifier":1,"image":{"@type":"ImageObject","@id":"https:\/\/secure.gravatar.com\/avatar\/c065076eb86551fdb70725c8063acf1b60a8edaed14ed654228c4cba13121c83?s=96&d=mm&r=g","url":"https:\/\/secure.gravatar.com\/avatar\/c065076eb86551fdb70725c8063acf1b60a8edaed14ed654228c4cba13121c83?s=96&d=mm&r=g","height":96,"width":96}},"publisher":{"@type":"Organization","name":"regec.cz","logo":{"@type":"ImageObject","@id":"\/logo.png","url":"\/logo.png","width":600,"height":60}},"image":{"@type":"ImageObject","@id":"https:\/\/www.regec.cz\/wp-content\/uploads\/img_a366370_w1757_t1578996677.jpg","url":"https:\/\/www.regec.cz\/wp-content\/uploads\/img_a366370_w1757_t1578996677.jpg","height":0,"width":0},"keywords":null},{"@type":"Article","@id":"https:\/\/www.regec.cz\/bazar-hodinek\/","headline":"Bazar hodinek","url":"https:\/\/www.regec.cz\/bazar-hodinek\/","datePublished":"2019-09-23","dateModified":"2019-09-23","mainEntityOfPage":"https:\/\/www.regec.cz\/bazar-hodinek\/","author":{"@type":"Person","@id":"https:\/\/www.regec.cz\/author\/#Person","name":"","url":"https:\/\/www.regec.cz\/author\/","identifier":1,"image":{"@type":"ImageObject","@id":"https:\/\/secure.gravatar.com\/avatar\/c065076eb86551fdb70725c8063acf1b60a8edaed14ed654228c4cba13121c83?s=96&d=mm&r=g","url":"https:\/\/secure.gravatar.com\/avatar\/c065076eb86551fdb70725c8063acf1b60a8edaed14ed654228c4cba13121c83?s=96&d=mm&r=g","height":96,"width":96}},"publisher":{"@type":"Organization","name":"regec.cz","logo":{"@type":"ImageObject","@id":"\/logo.png","url":"\/logo.png","width":600,"height":60}},"image":{"@type":"ImageObject","@id":"https:\/\/www.regec.cz\/wp-content\/uploads\/img_a363584_w1719_t1576165393.jpg","url":"https:\/\/www.regec.cz\/wp-content\/uploads\/img_a363584_w1719_t1576165393.jpg","height":0,"width":0},"keywords":null},{"@type":"Article","@id":"https:\/\/www.regec.cz\/proc-se-vlastne-nestat-burziany\/","headline":"Pro\u010d se vlastn\u011b nestat \u201aburzi\u00e1ny\u2018?","url":"https:\/\/www.regec.cz\/proc-se-vlastne-nestat-burziany\/","datePublished":"2019-03-06","dateModified":"2023-05-22","mainEntityOfPage":"https:\/\/www.regec.cz\/proc-se-vlastne-nestat-burziany\/","author":{"@type":"Person","@id":"https:\/\/www.regec.cz\/author\/#Person","name":"","url":"https:\/\/www.regec.cz\/author\/","identifier":1,"image":{"@type":"ImageObject","@id":"https:\/\/secure.gravatar.com\/avatar\/c065076eb86551fdb70725c8063acf1b60a8edaed14ed654228c4cba13121c83?s=96&d=mm&r=g","url":"https:\/\/secure.gravatar.com\/avatar\/c065076eb86551fdb70725c8063acf1b60a8edaed14ed654228c4cba13121c83?s=96&d=mm&r=g","height":96,"width":96}},"publisher":{"@type":"Organization","name":"regec.cz","logo":{"@type":"ImageObject","@id":"\/logo.png","url":"\/logo.png","width":600,"height":60}},"image":{"@type":"ImageObject","@id":"https:\/\/www.regec.cz\/wp-content\/uploads\/img_a343525_w1693_t1556530802.png","url":"https:\/\/www.regec.cz\/wp-content\/uploads\/img_a343525_w1693_t1556530802.png","height":0,"width":0},"keywords":null},{"@type":"Article","@id":"https:\/\/www.regec.cz\/nebankovni-pujcka-muze-byt-skvelym-resenim-i-pro-vas\/","headline":"Nebankovn\u00ed p\u016fj\u010dka m\u016f\u017ee b\u00fdt skv\u011bl\u00fdm \u0159e\u0161en\u00edm i pro V\u00e1s","url":"https:\/\/www.regec.cz\/nebankovni-pujcka-muze-byt-skvelym-resenim-i-pro-vas\/","datePublished":"2017-11-07","dateModified":"2023-05-22","mainEntityOfPage":"https:\/\/www.regec.cz\/nebankovni-pujcka-muze-byt-skvelym-resenim-i-pro-vas\/","author":{"@type":"Person","@id":"https:\/\/www.regec.cz\/author\/#Person","name":"","url":"https:\/\/www.regec.cz\/author\/","identifier":1,"image":{"@type":"ImageObject","@id":"https:\/\/secure.gravatar.com\/avatar\/c065076eb86551fdb70725c8063acf1b60a8edaed14ed654228c4cba13121c83?s=96&d=mm&r=g","url":"https:\/\/secure.gravatar.com\/avatar\/c065076eb86551fdb70725c8063acf1b60a8edaed14ed654228c4cba13121c83?s=96&d=mm&r=g","height":96,"width":96}},"publisher":{"@type":"Organization","name":"regec.cz","logo":{"@type":"ImageObject","@id":"\/logo.png","url":"\/logo.png","width":600,"height":60}},"image":{"@type":"ImageObject","@id":"https:\/\/www.regec.cz\/wp-content\/uploads\/img_a304841_w2069_t1516098623.png","url":"https:\/\/www.regec.cz\/wp-content\/uploads\/img_a304841_w2069_t1516098623.png","height":0,"width":0},"keywords":null}]}