{"@context":"https:\/\/schema.org\/","@type":"CollectionPage","@id":"https:\/\/www.regec.cz\/sluzby\/#CollectionPage","headline":"Slu\u017eby Category","description":"","url":"https:\/\/www.regec.cz\/sluzby\/","hasPart":[{"@type":"Article","@id":"https:\/\/www.regec.cz\/uspechu-lze-dosahovat\/","headline":"\u00dasp\u011bch\u016f lze dosahovat","url":"https:\/\/www.regec.cz\/uspechu-lze-dosahovat\/","datePublished":"2023-01-30","dateModified":"2023-01-30","mainEntityOfPage":"https:\/\/www.regec.cz\/uspechu-lze-dosahovat\/","author":{"@type":"Person","@id":"https:\/\/www.regec.cz\/author\/#Person","name":"","url":"https:\/\/www.regec.cz\/author\/","identifier":1,"image":{"@type":"ImageObject","@id":"https:\/\/secure.gravatar.com\/avatar\/c065076eb86551fdb70725c8063acf1b60a8edaed14ed654228c4cba13121c83?s=96&d=mm&r=g","url":"https:\/\/secure.gravatar.com\/avatar\/c065076eb86551fdb70725c8063acf1b60a8edaed14ed654228c4cba13121c83?s=96&d=mm&r=g","height":96,"width":96}},"publisher":{"@type":"Organization","name":"regec.cz","logo":{"@type":"ImageObject","@id":"\/logo.png","url":"\/logo.png","width":600,"height":60}},"image":{"@type":"ImageObject","@id":"https:\/\/www.regec.cz\/wp-content\/uploads\/sv%C4%9Bt%20internetu_4.jpg","url":"https:\/\/www.regec.cz\/wp-content\/uploads\/sv%C4%9Bt%20internetu_4.jpg","height":0,"width":0},"keywords":null},{"@type":"Article","@id":"https:\/\/www.regec.cz\/casto-se-setkate-s-tim-ze-se-plati-za-zavaznou-registraci\/","headline":"\u010casto se setk\u00e1te s t\u00edm, \u017ee se plat\u00ed za z\u00e1vaznou registraci","url":"https:\/\/www.regec.cz\/casto-se-setkate-s-tim-ze-se-plati-za-zavaznou-registraci\/","datePublished":"2023-01-14","dateModified":"2023-05-22","mainEntityOfPage":"https:\/\/www.regec.cz\/casto-se-setkate-s-tim-ze-se-plati-za-zavaznou-registraci\/","author":{"@type":"Person","@id":"https:\/\/www.regec.cz\/author\/#Person","name":"","url":"https:\/\/www.regec.cz\/author\/","identifier":1,"image":{"@type":"ImageObject","@id":"https:\/\/secure.gravatar.com\/avatar\/c065076eb86551fdb70725c8063acf1b60a8edaed14ed654228c4cba13121c83?s=96&d=mm&r=g","url":"https:\/\/secure.gravatar.com\/avatar\/c065076eb86551fdb70725c8063acf1b60a8edaed14ed654228c4cba13121c83?s=96&d=mm&r=g","height":96,"width":96}},"publisher":{"@type":"Organization","name":"regec.cz","logo":{"@type":"ImageObject","@id":"\/logo.png","url":"\/logo.png","width":600,"height":60}},"image":{"@type":"ImageObject","@id":"https:\/\/www.regec.cz\/wp-content\/uploads\/penize_4.JPG","url":"https:\/\/www.regec.cz\/wp-content\/uploads\/penize_4.JPG","height":0,"width":0},"keywords":null},{"@type":"Article","@id":"https:\/\/www.regec.cz\/pronajem-automobilu\/","headline":"Pron\u00e1jem automobilu","url":"https:\/\/www.regec.cz\/pronajem-automobilu\/","datePublished":"2022-02-04","dateModified":"2023-05-22","mainEntityOfPage":"https:\/\/www.regec.cz\/pronajem-automobilu\/","author":{"@type":"Person","@id":"https:\/\/www.regec.cz\/author\/#Person","name":"","url":"https:\/\/www.regec.cz\/author\/","identifier":1,"image":{"@type":"ImageObject","@id":"https:\/\/secure.gravatar.com\/avatar\/c065076eb86551fdb70725c8063acf1b60a8edaed14ed654228c4cba13121c83?s=96&d=mm&r=g","url":"https:\/\/secure.gravatar.com\/avatar\/c065076eb86551fdb70725c8063acf1b60a8edaed14ed654228c4cba13121c83?s=96&d=mm&r=g","height":96,"width":96}},"publisher":{"@type":"Organization","name":"regec.cz","logo":{"@type":"ImageObject","@id":"\/logo.png","url":"\/logo.png","width":600,"height":60}},"image":{"@type":"ImageObject","@id":"https:\/\/www.regec.cz\/wp-content\/uploads\/speedometer-g43a6fc8c4_1920.jpg","url":"https:\/\/www.regec.cz\/wp-content\/uploads\/speedometer-g43a6fc8c4_1920.jpg","height":0,"width":0},"keywords":null},{"@type":"Article","@id":"https:\/\/www.regec.cz\/autopujcovna-na-prazskem-letisti-vam-poskytne-vuz-i-na-jednodenni-vylety\/","headline":"Autop\u016fj\u010dovna na pra\u017esk\u00e9m leti\u0161ti v\u00e1m poskytne v\u016fz i na jednodenn\u00ed v\u00fdlety","url":"https:\/\/www.regec.cz\/autopujcovna-na-prazskem-letisti-vam-poskytne-vuz-i-na-jednodenni-vylety\/","datePublished":"2021-12-28","dateModified":"2021-12-28","mainEntityOfPage":"https:\/\/www.regec.cz\/autopujcovna-na-prazskem-letisti-vam-poskytne-vuz-i-na-jednodenni-vylety\/","author":{"@type":"Person","@id":"https:\/\/www.regec.cz\/author\/#Person","name":"","url":"https:\/\/www.regec.cz\/author\/","identifier":1,"image":{"@type":"ImageObject","@id":"https:\/\/secure.gravatar.com\/avatar\/c065076eb86551fdb70725c8063acf1b60a8edaed14ed654228c4cba13121c83?s=96&d=mm&r=g","url":"https:\/\/secure.gravatar.com\/avatar\/c065076eb86551fdb70725c8063acf1b60a8edaed14ed654228c4cba13121c83?s=96&d=mm&r=g","height":96,"width":96}},"publisher":{"@type":"Organization","name":"regec.cz","logo":{"@type":"ImageObject","@id":"\/logo.png","url":"\/logo.png","width":600,"height":60}},"image":{"@type":"ImageObject","@id":"https:\/\/www.regec.cz\/wp-content\/uploads\/czech-republic-gacbfb5f23_640.jpg","url":"https:\/\/www.regec.cz\/wp-content\/uploads\/czech-republic-gacbfb5f23_640.jpg","height":0,"width":0},"keywords":null},{"@type":"Article","@id":"https:\/\/www.regec.cz\/kazy-nici-zuby\/","headline":"Kazy ni\u010d\u00ed zuby","url":"https:\/\/www.regec.cz\/kazy-nici-zuby\/","datePublished":"2021-12-14","dateModified":"2023-05-22","mainEntityOfPage":"https:\/\/www.regec.cz\/kazy-nici-zuby\/","author":{"@type":"Person","@id":"https:\/\/www.regec.cz\/author\/#Person","name":"","url":"https:\/\/www.regec.cz\/author\/","identifier":1,"image":{"@type":"ImageObject","@id":"https:\/\/secure.gravatar.com\/avatar\/c065076eb86551fdb70725c8063acf1b60a8edaed14ed654228c4cba13121c83?s=96&d=mm&r=g","url":"https:\/\/secure.gravatar.com\/avatar\/c065076eb86551fdb70725c8063acf1b60a8edaed14ed654228c4cba13121c83?s=96&d=mm&r=g","height":96,"width":96}},"publisher":{"@type":"Organization","name":"regec.cz","logo":{"@type":"ImageObject","@id":"\/logo.png","url":"\/logo.png","width":600,"height":60}},"image":{"@type":"ImageObject","@id":"https:\/\/www.regec.cz\/wp-content\/uploads\/tooth-gd5a92c521_1920.jpg","url":"https:\/\/www.regec.cz\/wp-content\/uploads\/tooth-gd5a92c521_1920.jpg","height":0,"width":0},"keywords":null},{"@type":"Article","@id":"https:\/\/www.regec.cz\/co-dela-marketingova-agentura\/","headline":"Co d\u011bl\u00e1 marketingov\u00e1 agentura?","url":"https:\/\/www.regec.cz\/co-dela-marketingova-agentura\/","datePublished":"2021-03-16","dateModified":"2023-05-22","mainEntityOfPage":"https:\/\/www.regec.cz\/co-dela-marketingova-agentura\/","author":{"@type":"Person","@id":"https:\/\/www.regec.cz\/author\/#Person","name":"","url":"https:\/\/www.regec.cz\/author\/","identifier":1,"image":{"@type":"ImageObject","@id":"https:\/\/secure.gravatar.com\/avatar\/c065076eb86551fdb70725c8063acf1b60a8edaed14ed654228c4cba13121c83?s=96&d=mm&r=g","url":"https:\/\/secure.gravatar.com\/avatar\/c065076eb86551fdb70725c8063acf1b60a8edaed14ed654228c4cba13121c83?s=96&d=mm&r=g","height":96,"width":96}},"publisher":{"@type":"Organization","name":"regec.cz","logo":{"@type":"ImageObject","@id":"\/logo.png","url":"\/logo.png","width":600,"height":60}},"image":{"@type":"ImageObject","@id":"https:\/\/www.regec.cz\/wp-content\/uploads\/hands-820272_1920.jpg","url":"https:\/\/www.regec.cz\/wp-content\/uploads\/hands-820272_1920.jpg","height":0,"width":0},"keywords":null},{"@type":"Article","@id":"https:\/\/www.regec.cz\/recept-na-fungujici-manzelstvi\/","headline":"Recept na funguj\u00edc\u00ed man\u017eelstv\u00ed","url":"https:\/\/www.regec.cz\/recept-na-fungujici-manzelstvi\/","datePublished":"2020-11-24","dateModified":"2023-05-22","mainEntityOfPage":"https:\/\/www.regec.cz\/recept-na-fungujici-manzelstvi\/","author":{"@type":"Person","@id":"https:\/\/www.regec.cz\/author\/#Person","name":"","url":"https:\/\/www.regec.cz\/author\/","identifier":1,"image":{"@type":"ImageObject","@id":"https:\/\/secure.gravatar.com\/avatar\/c065076eb86551fdb70725c8063acf1b60a8edaed14ed654228c4cba13121c83?s=96&d=mm&r=g","url":"https:\/\/secure.gravatar.com\/avatar\/c065076eb86551fdb70725c8063acf1b60a8edaed14ed654228c4cba13121c83?s=96&d=mm&r=g","height":96,"width":96}},"publisher":{"@type":"Organization","name":"regec.cz","logo":{"@type":"ImageObject","@id":"\/logo.png","url":"\/logo.png","width":600,"height":60}},"image":{"@type":"ImageObject","@id":"https:\/\/www.regec.cz\/wp-content\/uploads\/%C5%A1%C5%A5astn%C3%BD%20p%C3%A1r_2.jpg","url":"https:\/\/www.regec.cz\/wp-content\/uploads\/%C5%A1%C5%A5astn%C3%BD%20p%C3%A1r_2.jpg","height":0,"width":0},"keywords":null},{"@type":"Article","@id":"https:\/\/www.regec.cz\/jak-vypadat-dobre-a-byt-i-moderni-poradime-vam\/","headline":"Jak vypadat dob\u0159e a b\u00fdt i modern\u00ed? Porad\u00edme v\u00e1m.","url":"https:\/\/www.regec.cz\/jak-vypadat-dobre-a-byt-i-moderni-poradime-vam\/","datePublished":"2020-11-16","dateModified":"2023-05-22","mainEntityOfPage":"https:\/\/www.regec.cz\/jak-vypadat-dobre-a-byt-i-moderni-poradime-vam\/","author":{"@type":"Person","@id":"https:\/\/www.regec.cz\/author\/#Person","name":"","url":"https:\/\/www.regec.cz\/author\/","identifier":1,"image":{"@type":"ImageObject","@id":"https:\/\/secure.gravatar.com\/avatar\/c065076eb86551fdb70725c8063acf1b60a8edaed14ed654228c4cba13121c83?s=96&d=mm&r=g","url":"https:\/\/secure.gravatar.com\/avatar\/c065076eb86551fdb70725c8063acf1b60a8edaed14ed654228c4cba13121c83?s=96&d=mm&r=g","height":96,"width":96}},"publisher":{"@type":"Organization","name":"regec.cz","logo":{"@type":"ImageObject","@id":"\/logo.png","url":"\/logo.png","width":600,"height":60}},"image":{"@type":"ImageObject","@id":"https:\/\/www.regec.cz\/wp-content\/uploads\/klobouk_jako_dopln%C4%9Bk.jpg","url":"https:\/\/www.regec.cz\/wp-content\/uploads\/klobouk_jako_dopln%C4%9Bk.jpg","height":0,"width":0},"keywords":null},{"@type":"Article","@id":"https:\/\/www.regec.cz\/dbejte-na-prvni-dojem\/","headline":"Dbejte na prvn\u00ed dojem","url":"https:\/\/www.regec.cz\/dbejte-na-prvni-dojem\/","datePublished":"2020-08-08","dateModified":"2023-05-22","mainEntityOfPage":"https:\/\/www.regec.cz\/dbejte-na-prvni-dojem\/","author":{"@type":"Person","@id":"https:\/\/www.regec.cz\/author\/#Person","name":"","url":"https:\/\/www.regec.cz\/author\/","identifier":1,"image":{"@type":"ImageObject","@id":"https:\/\/secure.gravatar.com\/avatar\/c065076eb86551fdb70725c8063acf1b60a8edaed14ed654228c4cba13121c83?s=96&d=mm&r=g","url":"https:\/\/secure.gravatar.com\/avatar\/c065076eb86551fdb70725c8063acf1b60a8edaed14ed654228c4cba13121c83?s=96&d=mm&r=g","height":96,"width":96}},"publisher":{"@type":"Organization","name":"regec.cz","logo":{"@type":"ImageObject","@id":"\/logo.png","url":"\/logo.png","width":600,"height":60}},"image":{"@type":"ImageObject","@id":"https:\/\/www.regec.cz\/wp-content\/uploads\/office-625892_1280.jpg","url":"https:\/\/www.regec.cz\/wp-content\/uploads\/office-625892_1280.jpg","height":0,"width":0},"keywords":null},{"@type":"Article","@id":"https:\/\/www.regec.cz\/jaky-je-nejlepsi-druh-schodiste\/","headline":"Jak\u00fd je nejlep\u0161\u00ed druh schodi\u0161t\u011b","url":"https:\/\/www.regec.cz\/jaky-je-nejlepsi-druh-schodiste\/","datePublished":"2020-07-13","dateModified":"2023-05-22","mainEntityOfPage":"https:\/\/www.regec.cz\/jaky-je-nejlepsi-druh-schodiste\/","author":{"@type":"Person","@id":"https:\/\/www.regec.cz\/author\/#Person","name":"","url":"https:\/\/www.regec.cz\/author\/","identifier":1,"image":{"@type":"ImageObject","@id":"https:\/\/secure.gravatar.com\/avatar\/c065076eb86551fdb70725c8063acf1b60a8edaed14ed654228c4cba13121c83?s=96&d=mm&r=g","url":"https:\/\/secure.gravatar.com\/avatar\/c065076eb86551fdb70725c8063acf1b60a8edaed14ed654228c4cba13121c83?s=96&d=mm&r=g","height":96,"width":96}},"publisher":{"@type":"Organization","name":"regec.cz","logo":{"@type":"ImageObject","@id":"\/logo.png","url":"\/logo.png","width":600,"height":60}},"image":{"@type":"ImageObject","@id":"https:\/\/www.regec.cz\/wp-content\/uploads\/schodiste1_6.jpg","url":"https:\/\/www.regec.cz\/wp-content\/uploads\/schodiste1_6.jpg","height":0,"width":0},"keywords":null}]}