{"@context":"https:\/\/schema.org\/","@type":"CollectionPage","@id":"https:\/\/www.regec.cz\/sluzby\/#CollectionPage","headline":"Slu\u017eby Category","description":"","url":"https:\/\/www.regec.cz\/sluzby\/","hasPart":[{"@type":"Article","@id":"https:\/\/www.regec.cz\/jak-usporadat-levnou-svatbu\/","headline":"Jak uspo\u0159\u00e1dat levnou svatbu?","url":"https:\/\/www.regec.cz\/jak-usporadat-levnou-svatbu\/","datePublished":"2025-03-29","dateModified":"2025-03-29","mainEntityOfPage":"https:\/\/www.regec.cz\/jak-usporadat-levnou-svatbu\/","author":{"@type":"Person","@id":"https:\/\/www.regec.cz\/author\/#Person","name":"","url":"https:\/\/www.regec.cz\/author\/","identifier":1,"image":{"@type":"ImageObject","@id":"https:\/\/secure.gravatar.com\/avatar\/c065076eb86551fdb70725c8063acf1b60a8edaed14ed654228c4cba13121c83?s=96&d=mm&r=g","url":"https:\/\/secure.gravatar.com\/avatar\/c065076eb86551fdb70725c8063acf1b60a8edaed14ed654228c4cba13121c83?s=96&d=mm&r=g","height":96,"width":96}},"publisher":{"@type":"Organization","name":"regec.cz","logo":{"@type":"ImageObject","@id":"\/logo.png","url":"\/logo.png","width":600,"height":60}},"image":{"@type":"ImageObject","@id":"https:\/\/www.regec.cz\/wp-content\/uploads\/drew-coffman-llWjwo200fo-unsplash_2.jpg","url":"https:\/\/www.regec.cz\/wp-content\/uploads\/drew-coffman-llWjwo200fo-unsplash_2.jpg","height":0,"width":0},"keywords":null},{"@type":"Article","@id":"https:\/\/www.regec.cz\/veda-proti-nemocem\/","headline":"V\u011bda proti nemocem","url":"https:\/\/www.regec.cz\/veda-proti-nemocem\/","datePublished":"2024-05-19","dateModified":"2024-05-19","mainEntityOfPage":"https:\/\/www.regec.cz\/veda-proti-nemocem\/","author":{"@type":"Person","@id":"https:\/\/www.regec.cz\/author\/#Person","name":"","url":"https:\/\/www.regec.cz\/author\/","identifier":1,"image":{"@type":"ImageObject","@id":"https:\/\/secure.gravatar.com\/avatar\/c065076eb86551fdb70725c8063acf1b60a8edaed14ed654228c4cba13121c83?s=96&d=mm&r=g","url":"https:\/\/secure.gravatar.com\/avatar\/c065076eb86551fdb70725c8063acf1b60a8edaed14ed654228c4cba13121c83?s=96&d=mm&r=g","height":96,"width":96}},"publisher":{"@type":"Organization","name":"regec.cz","logo":{"@type":"ImageObject","@id":"\/logo.png","url":"\/logo.png","width":600,"height":60}},"image":{"@type":"ImageObject","@id":"https:\/\/www.regec.cz\/wp-content\/uploads\/ai-generated-8223803_640.jpg","url":"https:\/\/www.regec.cz\/wp-content\/uploads\/ai-generated-8223803_640.jpg","height":0,"width":0},"keywords":null},{"@type":"Article","@id":"https:\/\/www.regec.cz\/mate-jich-stale-malo\/","headline":"M\u00e1te jich st\u00e1le m\u00e1lo?","url":"https:\/\/www.regec.cz\/mate-jich-stale-malo\/","datePublished":"2024-04-15","dateModified":"2024-04-15","mainEntityOfPage":"https:\/\/www.regec.cz\/mate-jich-stale-malo\/","author":{"@type":"Person","@id":"https:\/\/www.regec.cz\/author\/#Person","name":"","url":"https:\/\/www.regec.cz\/author\/","identifier":1,"image":{"@type":"ImageObject","@id":"https:\/\/secure.gravatar.com\/avatar\/c065076eb86551fdb70725c8063acf1b60a8edaed14ed654228c4cba13121c83?s=96&d=mm&r=g","url":"https:\/\/secure.gravatar.com\/avatar\/c065076eb86551fdb70725c8063acf1b60a8edaed14ed654228c4cba13121c83?s=96&d=mm&r=g","height":96,"width":96}},"publisher":{"@type":"Organization","name":"regec.cz","logo":{"@type":"ImageObject","@id":"\/logo.png","url":"\/logo.png","width":600,"height":60}},"image":{"@type":"ImageObject","@id":"https:\/\/www.regec.cz\/wp-content\/uploads\/pen-630381_640_10_3.jpg","url":"https:\/\/www.regec.cz\/wp-content\/uploads\/pen-630381_640_10_3.jpg","height":0,"width":0},"keywords":null},{"@type":"Article","@id":"https:\/\/www.regec.cz\/o-vasi-prostatu-byste-meli-pecovat-i-kdyz-jste-zdravi\/","headline":"O va\u0161i prostatu byste m\u011bli pe\u010dovat, i kdy\u017e jste zdrav\u00ed","url":"https:\/\/www.regec.cz\/o-vasi-prostatu-byste-meli-pecovat-i-kdyz-jste-zdravi\/","datePublished":"2024-02-04","dateModified":"2024-04-05","mainEntityOfPage":"https:\/\/www.regec.cz\/o-vasi-prostatu-byste-meli-pecovat-i-kdyz-jste-zdravi\/","author":{"@type":"Person","@id":"https:\/\/www.regec.cz\/author\/#Person","name":"","url":"https:\/\/www.regec.cz\/author\/","identifier":1,"image":{"@type":"ImageObject","@id":"https:\/\/secure.gravatar.com\/avatar\/c065076eb86551fdb70725c8063acf1b60a8edaed14ed654228c4cba13121c83?s=96&d=mm&r=g","url":"https:\/\/secure.gravatar.com\/avatar\/c065076eb86551fdb70725c8063acf1b60a8edaed14ed654228c4cba13121c83?s=96&d=mm&r=g","height":96,"width":96}},"publisher":{"@type":"Organization","name":"regec.cz","logo":{"@type":"ImageObject","@id":"\/logo.png","url":"\/logo.png","width":600,"height":60}},"image":{"@type":"ImageObject","@id":"https:\/\/www.regec.cz\/wp-content\/uploads\/flora-7049199_640_2.jpg","url":"https:\/\/www.regec.cz\/wp-content\/uploads\/flora-7049199_640_2.jpg","height":0,"width":0},"keywords":null},{"@type":"Article","@id":"https:\/\/www.regec.cz\/nakupujete-v-second-handu\/","headline":"Nakupujete v second handu?","url":"https:\/\/www.regec.cz\/nakupujete-v-second-handu\/","datePublished":"2023-12-16","dateModified":"2024-01-17","mainEntityOfPage":"https:\/\/www.regec.cz\/nakupujete-v-second-handu\/","author":{"@type":"Person","@id":"https:\/\/www.regec.cz\/author\/#Person","name":"","url":"https:\/\/www.regec.cz\/author\/","identifier":1,"image":{"@type":"ImageObject","@id":"https:\/\/secure.gravatar.com\/avatar\/c065076eb86551fdb70725c8063acf1b60a8edaed14ed654228c4cba13121c83?s=96&d=mm&r=g","url":"https:\/\/secure.gravatar.com\/avatar\/c065076eb86551fdb70725c8063acf1b60a8edaed14ed654228c4cba13121c83?s=96&d=mm&r=g","height":96,"width":96}},"publisher":{"@type":"Organization","name":"regec.cz","logo":{"@type":"ImageObject","@id":"\/logo.png","url":"\/logo.png","width":600,"height":60}},"image":{"@type":"ImageObject","@id":"https:\/\/www.regec.cz\/wp-content\/uploads\/jeans-428614_1280_6.jpg","url":"https:\/\/www.regec.cz\/wp-content\/uploads\/jeans-428614_1280_6.jpg","height":0,"width":0},"keywords":null},{"@type":"Article","@id":"https:\/\/www.regec.cz\/plavani-po-cely-rok\/","headline":"Plav\u00e1n\u00ed po cel\u00fd rok","url":"https:\/\/www.regec.cz\/plavani-po-cely-rok\/","datePublished":"2023-09-20","dateModified":"2023-11-02","mainEntityOfPage":"https:\/\/www.regec.cz\/plavani-po-cely-rok\/","author":{"@type":"Person","@id":"https:\/\/www.regec.cz\/author\/#Person","name":"","url":"https:\/\/www.regec.cz\/author\/","identifier":1,"image":{"@type":"ImageObject","@id":"https:\/\/secure.gravatar.com\/avatar\/c065076eb86551fdb70725c8063acf1b60a8edaed14ed654228c4cba13121c83?s=96&d=mm&r=g","url":"https:\/\/secure.gravatar.com\/avatar\/c065076eb86551fdb70725c8063acf1b60a8edaed14ed654228c4cba13121c83?s=96&d=mm&r=g","height":96,"width":96}},"publisher":{"@type":"Organization","name":"regec.cz","logo":{"@type":"ImageObject","@id":"\/logo.png","url":"\/logo.png","width":600,"height":60}},"image":{"@type":"ImageObject","@id":"https:\/\/www.regec.cz\/wp-content\/uploads\/summer-842140_640_10_1.jpg","url":"https:\/\/www.regec.cz\/wp-content\/uploads\/summer-842140_640_10_1.jpg","height":0,"width":0},"keywords":null},{"@type":"Article","@id":"https:\/\/www.regec.cz\/koprivovy-caj-chutna-detem-i-dospelym\/","headline":"Kop\u0159ivov\u00fd \u010daj chutn\u00e1 d\u011btem i dosp\u011bl\u00fdm","url":"https:\/\/www.regec.cz\/koprivovy-caj-chutna-detem-i-dospelym\/","datePublished":"2023-09-20","dateModified":"2024-02-12","mainEntityOfPage":"https:\/\/www.regec.cz\/koprivovy-caj-chutna-detem-i-dospelym\/","author":{"@type":"Person","@id":"https:\/\/www.regec.cz\/author\/#Person","name":"","url":"https:\/\/www.regec.cz\/author\/","identifier":1,"image":{"@type":"ImageObject","@id":"https:\/\/secure.gravatar.com\/avatar\/c065076eb86551fdb70725c8063acf1b60a8edaed14ed654228c4cba13121c83?s=96&d=mm&r=g","url":"https:\/\/secure.gravatar.com\/avatar\/c065076eb86551fdb70725c8063acf1b60a8edaed14ed654228c4cba13121c83?s=96&d=mm&r=g","height":96,"width":96}},"publisher":{"@type":"Organization","name":"regec.cz","logo":{"@type":"ImageObject","@id":"\/logo.png","url":"\/logo.png","width":600,"height":60}},"image":{"@type":"ImageObject","@id":"https:\/\/www.regec.cz\/wp-content\/uploads\/tea-3673714_640_1.jpg","url":"https:\/\/www.regec.cz\/wp-content\/uploads\/tea-3673714_640_1.jpg","height":0,"width":0},"keywords":null},{"@type":"Article","@id":"https:\/\/www.regec.cz\/jeden-dodvatel-nezdrazuje\/","headline":"Jeden dodvatel nezdra\u017euje","url":"https:\/\/www.regec.cz\/jeden-dodvatel-nezdrazuje\/","datePublished":"2023-09-06","dateModified":"2023-09-06","mainEntityOfPage":"https:\/\/www.regec.cz\/jeden-dodvatel-nezdrazuje\/","author":{"@type":"Person","@id":"https:\/\/www.regec.cz\/author\/#Person","name":"","url":"https:\/\/www.regec.cz\/author\/","identifier":1,"image":{"@type":"ImageObject","@id":"https:\/\/secure.gravatar.com\/avatar\/c065076eb86551fdb70725c8063acf1b60a8edaed14ed654228c4cba13121c83?s=96&d=mm&r=g","url":"https:\/\/secure.gravatar.com\/avatar\/c065076eb86551fdb70725c8063acf1b60a8edaed14ed654228c4cba13121c83?s=96&d=mm&r=g","height":96,"width":96}},"publisher":{"@type":"Organization","name":"regec.cz","logo":{"@type":"ImageObject","@id":"\/logo.png","url":"\/logo.png","width":600,"height":60}},"image":{"@type":"ImageObject","@id":"https:\/\/www.regec.cz\/wp-content\/uploads\/ss_10_10_10_2.jpg","url":"https:\/\/www.regec.cz\/wp-content\/uploads\/ss_10_10_10_2.jpg","height":0,"width":0},"keywords":null},{"@type":"Article","@id":"https:\/\/www.regec.cz\/zadna-mys-klidny-spanek\/","headline":"\u017d\u00e1dn\u00e1 my\u0161, klidn\u00fd sp\u00e1nek.","url":"https:\/\/www.regec.cz\/zadna-mys-klidny-spanek\/","datePublished":"2023-08-11","dateModified":"2023-08-11","mainEntityOfPage":"https:\/\/www.regec.cz\/zadna-mys-klidny-spanek\/","author":{"@type":"Person","@id":"https:\/\/www.regec.cz\/author\/#Person","name":"","url":"https:\/\/www.regec.cz\/author\/","identifier":1,"image":{"@type":"ImageObject","@id":"https:\/\/secure.gravatar.com\/avatar\/c065076eb86551fdb70725c8063acf1b60a8edaed14ed654228c4cba13121c83?s=96&d=mm&r=g","url":"https:\/\/secure.gravatar.com\/avatar\/c065076eb86551fdb70725c8063acf1b60a8edaed14ed654228c4cba13121c83?s=96&d=mm&r=g","height":96,"width":96}},"publisher":{"@type":"Organization","name":"regec.cz","logo":{"@type":"ImageObject","@id":"\/logo.png","url":"\/logo.png","width":600,"height":60}},"image":{"@type":"ImageObject","@id":"https:\/\/www.regec.cz\/wp-content\/uploads\/katz-2821316_1280.jpg","url":"https:\/\/www.regec.cz\/wp-content\/uploads\/katz-2821316_1280.jpg","height":0,"width":0},"keywords":null},{"@type":"Article","@id":"https:\/\/www.regec.cz\/na-cviceni\/","headline":"Na cvi\u010den\u00ed","url":"https:\/\/www.regec.cz\/na-cviceni\/","datePublished":"2023-06-26","dateModified":"2023-06-26","mainEntityOfPage":"https:\/\/www.regec.cz\/na-cviceni\/","author":{"@type":"Person","@id":"https:\/\/www.regec.cz\/author\/#Person","name":"","url":"https:\/\/www.regec.cz\/author\/","identifier":1,"image":{"@type":"ImageObject","@id":"https:\/\/secure.gravatar.com\/avatar\/c065076eb86551fdb70725c8063acf1b60a8edaed14ed654228c4cba13121c83?s=96&d=mm&r=g","url":"https:\/\/secure.gravatar.com\/avatar\/c065076eb86551fdb70725c8063acf1b60a8edaed14ed654228c4cba13121c83?s=96&d=mm&r=g","height":96,"width":96}},"publisher":{"@type":"Organization","name":"regec.cz","logo":{"@type":"ImageObject","@id":"\/logo.png","url":"\/logo.png","width":600,"height":60}},"image":{"@type":"ImageObject","@id":"https:\/\/www.regec.cz\/wp-content\/uploads\/barbell-1839087_1280.jpg","url":"https:\/\/www.regec.cz\/wp-content\/uploads\/barbell-1839087_1280.jpg","height":0,"width":0},"keywords":null}]}