[{"@context":"https:\/\/schema.org\/","@type":"Article","@id":"https:\/\/www.regec.cz\/setrete-si-ruce\/#Article","mainEntityOfPage":"https:\/\/www.regec.cz\/setrete-si-ruce\/","headline":"\u0160et\u0159ete si ruce","name":"\u0160et\u0159ete si ruce","description":"V dne\u0161n\u00ed dob\u011b je my\u010dka n\u00e1dob\u00ed z\u00e1kladn\u00edm vybaven\u00edm kuchyn\u011b. Um\u00fdv\u00e1n\u00ed n\u00e1dob\u00ed nen\u00ed obl\u00edben\u00e1 \u010dinnost a my\u010dka tento probl\u00e9m hrav\u011b vy\u0159e\u0161\u00ed. N\u00e1dob\u00ed jen naskl\u00e1d\u00e1me do my\u010dky a po skon\u010den\u00ed myt\u00ed \u010dist\u00e9","datePublished":"2020-09-14","dateModified":"2023-05-22","author":{"@type":"Person","@id":"https:\/\/www.regec.cz\/author\/#Person","name":"","url":"https:\/\/www.regec.cz\/author\/","identifier":1,"image":{"@type":"ImageObject","@id":"https:\/\/secure.gravatar.com\/avatar\/c065076eb86551fdb70725c8063acf1b60a8edaed14ed654228c4cba13121c83?s=96&d=mm&r=g","url":"https:\/\/secure.gravatar.com\/avatar\/c065076eb86551fdb70725c8063acf1b60a8edaed14ed654228c4cba13121c83?s=96&d=mm&r=g","height":96,"width":96}},"publisher":{"@type":"Organization","name":"regec.cz","logo":{"@type":"ImageObject","@id":"\/logo.png","url":"\/logo.png","width":600,"height":60}},"image":{"@type":"ImageObject","@id":"https:\/\/www.regec.cz\/wp-content\/uploads\/img_a300029_w2173_t1510130235.jpg","url":"https:\/\/www.regec.cz\/wp-content\/uploads\/img_a300029_w2173_t1510130235.jpg","height":0,"width":0},"url":"https:\/\/www.regec.cz\/setrete-si-ruce\/","about":["N\u00e1kupy"],"wordCount":535,"articleBody":"V dne\u0161n\u00ed dob\u011b je my\u010dka n\u00e1dob\u00ed z\u00e1kladn\u00edm vybaven\u00edm kuchyn\u011b. Um\u00fdv\u00e1n\u00ed n\u00e1dob\u00ed nen\u00ed obl\u00edben\u00e1 \u010dinnost a my\u010dka tento probl\u00e9m hrav\u011b vy\u0159e\u0161\u00ed. N\u00e1dob\u00ed jen naskl\u00e1d\u00e1me do my\u010dky a po skon\u010den\u00ed myt\u00ed \u010dist\u00e9 n\u00e1dob\u00ed uklid\u00edme na sv\u00e9 m\u00edsto.&#13; Prvn\u00edm krit\u00e9riem pro v\u00fdb\u011br my\u010dky je velikost prostoru, do kter\u00e9ho m\u00e1 b\u00fdt vsazena. M\u00e1me na v\u00fdb\u011br dv\u011b velikosti. V\u011bt\u0161\u00ed m\u00e1 \u0161\u00ed\u0159ku 60 cm a pro mal\u00e9 dom\u00e1cnosti 45 cm. Nejv\u00fdhodn\u011bj\u0161\u00ed je 60 centimetrov\u00e1, kter\u00e1 m\u00e1 v podstat\u011b \u010dtvercov\u00fd p\u016fdorys a st\u0159\u00edkaj\u00edc\u00ed rameno, kter\u00e9 je um\u00edst\u011bno uprost\u0159ed my\u010dky, perfektn\u011b dos\u00e1hne do v\u0161ech kout\u016f.&#13; &#13; M\u016f\u017eeme si vybrat vestav\u011bnou, podstavnou nebo voln\u011b stoj\u00edc\u00ed my\u010dku n\u00e1dob\u00ed. Vestav\u011bn\u00e1 my\u010dka perfektn\u011b splyne s na\u0161\u00ed kuchyn\u00ed. Podstavnou my\u010dku m\u016f\u017eeme um\u00edstit do ka\u017ed\u00e9 kuchy\u0148sk\u00e9 linky. M\u00e1 mo\u017enost odmontov\u00e1n\u00ed horn\u00ed desky a d\u00edky tomu ji m\u016f\u017eeme vsadit pod jakoukoliv kuchy\u0148skou pracovn\u00ed desku. Voln\u011b stoj\u00edc\u00ed my\u010dku m\u016f\u017eeme um\u00edstit kamkoliv, kde je p\u0159\u00edvod vody a elekt\u0159iny. Co se t\u00fdk\u00e1 program\u016f a konstrukce se od sebe nijak neli\u0161\u00ed. Pokud m\u00e1me d\u011bti, bude se n\u00e1m hoditd\u011btsk\u00e1 pojistka.&#13; &#13; B\u011b\u017en\u00e9 z\u00e1kladn\u00ed programy:&#13; \u00b7 P\u0159edmyt\u00ed vyu\u017eijeme tehdy, kdy\u017e m\u00e1me m\u00e1lo n\u00e1dob\u00ed, bude v my\u010dce n\u011bkolik dn\u00ed a nevyplat\u00ed se pustit cel\u00fd program.&#13; \u00b7 Program na jemn\u00e9 do 40\u00b0C&#13; \u00b7 Rychl\u00fd Eco program na m\u00e9n\u011b u\u0161pin\u011bn\u00e9 n\u00e1dob\u00ed 50\u00b0C&#13; \u00b7 B\u011b\u017en\u00fd program 65\u00b0C&#13; \u00b7 Intenzivn\u00ed program pro odstran\u011bn\u00ed siln\u00fdch ne\u010distot 70\u00b0C&#13; Volba programu z\u00e1vis\u00ed od druhu n\u00e1dob\u00ed, jeho mno\u017estv\u00ed, pop\u0159\u00edpad\u011b stavu j\u00eddla. Dopl\u0148kov\u00fdm programem m\u016f\u017ee b\u00fdt myt\u00ed jen poloviny my\u010dky. Ka\u017ed\u00e1 my\u010dka m\u00e1 horn\u00ed a doln\u00ed ko\u0161 se sv\u00fdm ost\u0159ikovac\u00edm ramenem.&#13; Energetick\u00e1 spot\u0159eba je ur\u010dit\u011b jedna z v\u011bc\u00ed, kter\u00e1 by n\u00e1s m\u011bla zaj\u00edmat. Pokud se rozhodneme pro energeticky m\u00e9n\u011b n\u00e1ro\u010dn\u00fd spot\u0159ebi\u010d, ur\u010dit\u011b nebudeme litovat. Po\u0159izovac\u00ed investice sice bude vy\u0161\u0161\u00ed, ale p\u0159i ni\u017e\u0161\u00ed spot\u0159eb\u011b energie se n\u00e1m brzy vr\u00e1t\u00ed.&#13; &#13; My\u010dka je velmi dobr\u00fd pomocn\u00edk, ale ne v\u0161echno n\u00e1dob\u00ed do n\u00ed m\u016f\u017eeme d\u00e1t. Nedoporu\u010duje se d\u00e1vat do my\u010dky n\u00e1dob\u00ed ze d\u0159eva \u2013 prk\u00e9nka, p\u0159\u00edbory s d\u0159ev\u011bn\u00fdm dr\u017eadlem, dekorovan\u00e9 sklenice a porcel\u00e1n, plasty citliv\u00e9 na horkou vodu, m\u011bd\u011bn\u00e9, c\u00ednov\u00e9 a hlin\u00edkov\u00e9 n\u00e1dob\u00ed. M\u016f\u017ee se st\u00e1t, \u017ee sklen\u011bn\u00e9 n\u00e1doby a sklenice myt\u00e9 v my\u010dce \u010dasem budou zakalen\u00e9. Proto si rad\u011bji kupujeme n\u00e1dob\u00ed vhodn\u00e9 do my\u010dky.&#13; S koup\u00ed my\u010dky mo\u017en\u00e1 dostaneme jako d\u00e1rek p\u00e1r tablet na myt\u00ed k vyzkou\u0161en\u00ed. Je jen na n\u00e1s, jestli u nich z\u016fstaneme, nebo vyzkou\u0161\u00edme i jinou zna\u010dku, p\u0159\u00edpadn\u011b eco tablety bez chemie. Nem\u011bli bychom zapomenout koupit speci\u00e1ln\u00ed s\u016fl do my\u010dky.&#13;                                                                                                                                                                                                                                                                                                                                                                                         4.4\/5 - (8 votes)        "},{"@context":"https:\/\/schema.org\/","@type":"BreadcrumbList","itemListElement":[{"@type":"ListItem","position":1,"name":"\u0160et\u0159ete si ruce","item":"https:\/\/www.regec.cz\/setrete-si-ruce\/#breadcrumbitem"}]}]