[{"@context":"https:\/\/schema.org\/","@type":"Article","@id":"https:\/\/www.regec.cz\/s-cim-vam-poradi-interierovy-designer-ve-vasi-loznici\/#Article","mainEntityOfPage":"https:\/\/www.regec.cz\/s-cim-vam-poradi-interierovy-designer-ve-vasi-loznici\/","headline":"S \u010d\u00edm v\u00e1m porad\u00ed interi\u00e9rov\u00fd design\u00e9r ve va\u0161\u00ed lo\u017enici","name":"S \u010d\u00edm v\u00e1m porad\u00ed interi\u00e9rov\u00fd design\u00e9r ve va\u0161\u00ed lo\u017enici","description":"Interi\u00e9rov\u00fd design\u00e9r v Praze \u0159e\u0161\u00ed mnoho po\u017eadavk\u016f sv\u00fdch klient\u016f, kte\u0159\u00ed se na n\u011bj obrac\u00ed s prosbou o r\u016fznorod\u00e1 \u0159e\u0161en\u00ed uspo\u0159\u00e1d\u00e1n\u00ed bytov\u00fdch prostor. Bydlen\u00ed m\u016f\u017ee m\u00edt tolik podob, \u017ee bychom jej","datePublished":"2024-01-06","dateModified":"2024-01-06","author":{"@type":"Person","@id":"https:\/\/www.regec.cz\/author\/#Person","name":"","url":"https:\/\/www.regec.cz\/author\/","identifier":1,"image":{"@type":"ImageObject","@id":"https:\/\/secure.gravatar.com\/avatar\/c065076eb86551fdb70725c8063acf1b60a8edaed14ed654228c4cba13121c83?s=96&d=mm&r=g","url":"https:\/\/secure.gravatar.com\/avatar\/c065076eb86551fdb70725c8063acf1b60a8edaed14ed654228c4cba13121c83?s=96&d=mm&r=g","height":96,"width":96}},"publisher":{"@type":"Organization","name":"regec.cz","logo":{"@type":"ImageObject","@id":"\/logo.png","url":"\/logo.png","width":600,"height":60}},"image":{"@type":"ImageObject","@id":"https:\/\/www.regec.cz\/wp-content\/uploads\/pexels-vecislavas-popa-1743231_1.jpg","url":"https:\/\/www.regec.cz\/wp-content\/uploads\/pexels-vecislavas-popa-1743231_1.jpg","height":0,"width":0},"url":"https:\/\/www.regec.cz\/s-cim-vam-poradi-interierovy-designer-ve-vasi-loznici\/","about":["Neza\u0159azen\u00e9"],"wordCount":448,"articleBody":"   Interi\u00e9rov\u00fd design\u00e9r v Praze \u0159e\u0161\u00ed mnoho po\u017eadavk\u016f sv\u00fdch klient\u016f, kte\u0159\u00ed se na n\u011bj obrac\u00ed s prosbou o r\u016fznorod\u00e1 \u0159e\u0161en\u00ed uspo\u0159\u00e1d\u00e1n\u00ed bytov\u00fdch prostor. Bydlen\u00ed m\u016f\u017ee m\u00edt tolik podob, \u017ee bychom jej stroze pau\u0161alizovali, kdybychom tvrdili, \u017ee lid\u00e9 bydl\u00ed v\u00fdhradn\u011b v bytov\u00fdch a rodinn\u00fdch domech. Bydlet se d\u00e1 i v rekrea\u010dn\u00ed chat\u011b, anebo v mobiln\u00ed d\u0159evostavb\u011b \u010di n\u00edzkoenergetick\u00e9 konstrukci.Sou\u010d\u00e1st\u00ed lidsk\u00fdch p\u0159\u00edbytk\u016f jsou i lo\u017enice, je to vlastn\u011b spolu s kuchyn\u00ed, koupelnou a toaletou nejd\u016fle\u017eit\u011bj\u0161\u00ed \u010d\u00e1st obytn\u00e9ho prostoru, a\u010dkoli se m\u016f\u017ee zd\u00e1t, \u017ee v\u011bt\u0161inu \u010dasu tr\u00e1v\u00edme v ob\u00fdv\u00e1ku, a \u017ee tud\u00ed\u017e pr\u00e1v\u011b ob\u00fdv\u00e1ku bychom m\u011bli v\u011bnovat nejv\u00edce pozornosti. Chcete-li \u017e\u00edt v poklidu, s pozitivn\u00edmi emocemi, mus\u00edte se p\u0159edev\u0161\u00edm dob\u0159e naj\u00edst, vyspat, um\u00fdt, a zbavit se p\u0159ebytk\u016f na toalet\u011b, teprve pak by v\u00e1s m\u011bla zaj\u00edmat sedac\u00ed souprava v ob\u00fdvac\u00edm pokoji.Lo\u017enice jako prostor pro rozj\u00edm\u00e1n\u00ed a us\u00edn\u00e1n\u00ed \u2013 va\u0161e lo\u017enice by nem\u011bla b\u00fdt skladi\u0161t\u011b v\u011bc\u00ed, proto si n\u00e1bytek typu \u0161atn\u00edch sk\u0159\u00edn\u00ed rad\u011bji p\u0159esu\u0148te do p\u0159eds\u00edn\u011b nebo t\u0159eba pod schodi\u0161t\u011b, vestav\u011bn\u00e9 sk\u0159\u00edn\u011b na m\u00edru to umo\u017e\u0148uj\u00ed a vy z\u00edsk\u00e1te v m\u00edstnosti pro sp\u00e1nek k\u00fd\u017een\u00fd prostor. V lo\u017enici byste se m\u011bli c\u00edtit voln\u011b, svobodn\u011b, a ne st\u00edsn\u011bn\u011b, sev\u0159eni hromadou krabic, oble\u010den\u00ed a bot. Do lo\u017enice tak\u00e9 nepat\u0159\u00ed mobiln\u00ed telefon, po\u010d\u00edta\u010d, notebook, Hi-Fi, Wi-Fi, a u\u017e v\u016fbec ne televize. Dobr\u00fd n\u00e1pad je naopak m\u00edt v lo\u017enici velk\u00e9 akv\u00e1rium s extern\u00edm vzduchov\u00e1n\u00edm a filtrac\u00ed, aby v\u00e1s neru\u0161il filtra\u010dn\u00ed kompresor.Sex v lo\u017enici \u2013 nejv\u00edce sexu pro\u017e\u00edv\u00e1me v lo\u017enic\u00edch, a i kdy\u017e se va\u0161e v\u00e1\u0161e\u0148 m\u016f\u017ee tu a tam p\u0159esunout na kuchy\u0148skou linku, do ob\u00fdv\u00e1ku na seda\u010dku nebo do koupelny, p\u0159ece jen je to v m\u011bkk\u00e9 posteli nejpohodln\u011bj\u0161\u00ed. Nechte va\u0161eho design\u00e9ra promluvit, aby se vyj\u00e1d\u0159il s jeho (obecn\u00fdm) n\u00e1zorem na sexu\u00e1ln\u00ed radov\u00e1nky a na n\u011bkter\u00e9 tipy, kter\u00e9 je mohou podtrhnout, nap\u0159\u00edklad vhodn\u00e9 dekorace, rostliny, malbu, barvu m\u011bkou\u010dk\u00e9ho koberce, barvu l\u016f\u017ekovin \u010di samotn\u00e9ho l\u016f\u017eka, tvar a velikost postele, jej\u00ed uspo\u0159\u00e1d\u00e1n\u00ed v\u010detn\u011b no\u010dn\u00edch stolk\u016f atd.                                                                                                                                                                                                                                                                                                                                                                                          3.5\/5 - (2 votes)        "},{"@context":"https:\/\/schema.org\/","@type":"BreadcrumbList","itemListElement":[{"@type":"ListItem","position":1,"name":"S \u010d\u00edm v\u00e1m porad\u00ed interi\u00e9rov\u00fd design\u00e9r ve va\u0161\u00ed lo\u017enici","item":"https:\/\/www.regec.cz\/s-cim-vam-poradi-interierovy-designer-ve-vasi-loznici\/#breadcrumbitem"}]}]