[{"@context":"https:\/\/schema.org\/","@type":"Article","@id":"https:\/\/www.regec.cz\/proc-se-vlastne-nestat-burziany\/#Article","mainEntityOfPage":"https:\/\/www.regec.cz\/proc-se-vlastne-nestat-burziany\/","headline":"Pro\u010d se vlastn\u011b nestat \u201aburzi\u00e1ny\u2018?","name":"Pro\u010d se vlastn\u011b nestat \u201aburzi\u00e1ny\u2018?","description":"Skoro denn\u011b chod\u00edm nakupovat do jist\u00e9ho nejmenovan\u00e9ho v\u011bt\u0161\u00edho obchodn\u00edho \u0159et\u011bzce. A proto\u017ee v n\u011bm (a nejen v n\u011bm) funguj\u00ed tr\u017en\u00ed pravidla tak, jak funguj\u00ed, po\u010d\u00edn\u00e1m si i j\u00e1 tak, jak","datePublished":"2019-03-06","dateModified":"2023-05-22","author":{"@type":"Person","@id":"https:\/\/www.regec.cz\/author\/#Person","name":"","url":"https:\/\/www.regec.cz\/author\/","identifier":1,"image":{"@type":"ImageObject","@id":"https:\/\/secure.gravatar.com\/avatar\/c065076eb86551fdb70725c8063acf1b60a8edaed14ed654228c4cba13121c83?s=96&d=mm&r=g","url":"https:\/\/secure.gravatar.com\/avatar\/c065076eb86551fdb70725c8063acf1b60a8edaed14ed654228c4cba13121c83?s=96&d=mm&r=g","height":96,"width":96}},"publisher":{"@type":"Organization","name":"regec.cz","logo":{"@type":"ImageObject","@id":"\/logo.png","url":"\/logo.png","width":600,"height":60}},"image":{"@type":"ImageObject","@id":"https:\/\/www.regec.cz\/wp-content\/uploads\/img_a343525_w1693_t1556530802.png","url":"https:\/\/www.regec.cz\/wp-content\/uploads\/img_a343525_w1693_t1556530802.png","height":0,"width":0},"url":"https:\/\/www.regec.cz\/proc-se-vlastne-nestat-burziany\/","about":["Slu\u017eby"],"wordCount":610,"articleBody":"        Skoro denn\u011b chod\u00edm nakupovat do jist\u00e9ho nejmenovan\u00e9ho v\u011bt\u0161\u00edho obchodn\u00edho \u0159et\u011bzce. A proto\u017ee v n\u011bm (a nejen v n\u011bm) funguj\u00ed tr\u017en\u00ed pravidla tak, jak funguj\u00ed, po\u010d\u00edn\u00e1m si i j\u00e1 tak, jak si po\u010d\u00edn\u00e1m. Nap\u0159\u00edklad nahl\u00ed\u017e\u00edm do reklamn\u00edch let\u00e1k\u016f, https:\/\/www.copygeneral.cz\/sluzby\/letaky-a-prospekty  je\u017e jsou mi vhazov\u00e1ny do schr\u00e1nky. Ne \u017ee by na m\u011b m\u011bly zase a\u017e tak z\u00e1sadn\u00ed vliv, o v\u011bt\u0161inu toho, co se v nich prezentuje, z\u00e1jem nem\u00edv\u00e1m, ale stejn\u011b se alespo\u0148 trochu udr\u017euji v obraze, abych v\u011bd\u011bl, jak se v\u011bci v hrub\u00fdch rysech maj\u00ed. Kdy\u017e p\u0159ijdu do zm\u00edn\u011bn\u00e9ho obchodu, obj\u00ed\u017ed\u00edm jako mnoz\u00ed jin\u00ed s ko\u0161\u00edkem reg\u00e1ly. Do n\u011bkter\u00fdch nakouknu jen tak trochu ze zv\u011bdavosti, i kdy\u017e v\u00edm, \u017ee tam sotva bude n\u011bco pro mne, jin\u00e9 nev\u0161\u00edmav\u011b minu, proto\u017ee mi tam vystaven\u00e9 zbo\u017e\u00ed nic ne\u0159\u00edk\u00e1. A m\u00edsty, kde se zdr\u017euji hlavn\u011b, jsou ta, kde se prod\u00e1v\u00e1 to, o\u010d mi jde p\u0159i b\u011b\u017en\u00fdch n\u00e1kupech p\u0159edev\u0161\u00edm. Proto\u017ee tam je zbo\u017e\u00ed, kter\u00e9 pot\u0159ebuji nebo kter\u00e9 si alespo\u0148 n\u011bkdy r\u00e1d dop\u0159\u00e1v\u00e1m. A tady pak zevrubn\u011bji sleduj\u00ed cenovky u vystaven\u00fdch produkt\u016f. A v hlav\u011b si je dnes u\u017e zcela automaticky sum\u00edruji. Tohle maj\u00ed dnes za b\u011b\u017enou cenu. Tak\u017ee bych si to mo\u017en\u00e1 dnes m\u011bl koupit. Jen\u017ee nelze vylou\u010dit, \u017ee dnes bude v\u00fdhodn\u00e1 nab\u00eddka u n\u011b\u010deho jin\u00e9ho. Tak\u017ee popojedu s voz\u00edkem d\u00e1l a jen v hlav\u011b dr\u017e\u00edm v patrnosti, \u017ee nenajdu-li nic lep\u0161\u00edho, vr\u00e1t\u00edm se pro to nezm\u00edn\u011bn\u00e9 zm\u00edn\u011bn\u00e9.  Tohle dnes nab\u00edzej\u00ed za ak\u010dn\u00ed cenu. Tak\u017ee to bych asi vz\u00edt m\u011bl. Ov\u0161em p\u0159esto se na to rovnou nevrhnu jako bl\u00e1zen. Proto\u017ee je t\u0159eba se k takov\u00e9 cenovce p\u0159ibl\u00ed\u017eit nebo sklonit a pod\u00edvat se i na t\u011bch p\u00e1r mal\u00fdch p\u00edsmenek. Kter\u00e1 n\u011bkdy sd\u011bluj\u00ed, o kolik \u017ee je to dnes levn\u011bj\u0161\u00ed ne\u017e posledn\u011b, a jindy se v nich skr\u00fdvaj\u00ed i upozorn\u011bn\u00ed, \u017ee abych to za onu cenu z\u00edskal, mus\u00edm splnit to \u010di ono. \u010c\u00edm\u017e se ona nab\u00eddka st\u00e1v\u00e1 nelukrativn\u00ed. Stejn\u011b jako je nejednou nezaj\u00edmav\u00e1 u\u017e i proto, \u017ee a\u010d ak\u010dn\u00ed, byla vypo\u010d\u00edt\u00e1na z notn\u011b nadsazen\u00e9 ceny a ani po \u201aslev\u011b\u2018 se tak nevypl\u00e1c\u00ed.  A n\u011bco tu dnes maj\u00ed tak drah\u00e9, \u017ee to nech\u00e1m b\u00fdt a jdu si po sv\u00fdch. Nejsem p\u0159ece bl\u00e1zen.   Takto si po\u010d\u00edn\u00e1m. A kdy\u017e jsem si p\u0159e\u010detl  https:\/\/www.tradecz.cz\/market-profile-cteni-trhu-pomoci-profilace\/, n\u00e1hle jsem dosp\u011bl k zaj\u00edmav\u00e9mu zji\u0161t\u011bn\u00ed. A sice \u017ee si p\u0159i n\u00e1kupech v m\u00e9m obchod\u011b po\u010d\u00edn\u00e1m vlastn\u011b velice podobn\u011b tomu, jak si po\u010d\u00ednaj\u00ed obchodn\u00edci na Forexu, oni \u201aburzi\u00e1ni\u2018. Jen to neum\u00edm tak u\u010den\u011b pojmenovat. A tak bych se mo\u017en\u00e1 takov\u00fdm traderem st\u00e1t m\u011bl. A vy mo\u017en\u00e1 taky. Pokud n\u00e1s tedy mezi sebe vezmou oni obchodn\u00edci-profesion\u00e1lov\u00e9, kte\u0159\u00ed se bav\u00ed tak u\u010denou mluvou o tom, \u017ee \u201eza b\u011b\u017enou cenu to vezmeme, nebude-li tu lep\u0161\u00ed nab\u00eddky, levnou nab\u00eddku akceptujeme, nebude-li v n\u00ed n\u011bjak\u00e1 z\u00e1ludnost, a na to p\u0159edra\u017een\u00e9 se jim vyprdneme\u201c.                                                                                                                                                                                                                                                                                                                                                                                          3.5\/5 - (8 votes)        "},{"@context":"https:\/\/schema.org\/","@type":"BreadcrumbList","itemListElement":[{"@type":"ListItem","position":1,"name":"Pro\u010d se vlastn\u011b nestat \u201aburzi\u00e1ny\u2018?","item":"https:\/\/www.regec.cz\/proc-se-vlastne-nestat-burziany\/#breadcrumbitem"}]}]