[{"@context":"https:\/\/schema.org\/","@type":"Blog","@id":"https:\/\/www.regec.cz#Blog","headline":"Regec","description":"\nNev\u00edte, jak zjistit, co je na internetu pravdou pravdouc\u00ed a co bohapustou l\u017e\u00ed? Pravdou je tam to, co si m\u016f\u017eete p\u0159e\u010d\u00edst na na\u0161\u00ed internetov\u00e9 str\u00e1nce.","url":"https:\/\/www.regec.cz","hasPart":[{"@type":"Article","@id":"https:\/\/www.regec.cz\/kulickova-draha-potesi-i-vase-ratolesti\/","headline":"Kuli\u010dkov\u00e1 dr\u00e1ha pot\u011b\u0161\u00ed i va\u0161e ratolesti","url":"https:\/\/www.regec.cz\/kulickova-draha-potesi-i-vase-ratolesti\/","datePublished":"2019-06-23","dateModified":"2023-05-22","mainEntityOfPage":"https:\/\/www.regec.cz\/kulickova-draha-potesi-i-vase-ratolesti\/","author":{"@type":"Person","@id":"https:\/\/www.regec.cz\/author\/#Person","name":"","url":"https:\/\/www.regec.cz\/author\/","identifier":1,"image":{"@type":"ImageObject","@id":"https:\/\/secure.gravatar.com\/avatar\/c065076eb86551fdb70725c8063acf1b60a8edaed14ed654228c4cba13121c83?s=96&d=mm&r=g","url":"https:\/\/secure.gravatar.com\/avatar\/c065076eb86551fdb70725c8063acf1b60a8edaed14ed654228c4cba13121c83?s=96&d=mm&r=g","height":96,"width":96}},"publisher":{"@type":"Organization","name":"regec.cz","logo":{"@type":"ImageObject","@id":"\/logo.png","url":"\/logo.png","width":600,"height":60}},"image":{"@type":"ImageObject","@id":"https:\/\/www.regec.cz\/wp-content\/uploads\/img_a358361_w1885_t1572533379.jpg","url":"https:\/\/www.regec.cz\/wp-content\/uploads\/img_a358361_w1885_t1572533379.jpg","height":0,"width":0},"wordCount":592,"keywords":null},{"@type":"Article","@id":"https:\/\/www.regec.cz\/vyberte-si-tu-spravnou-mikrovlnku\/","headline":"Vyberte si tu spr\u00e1vnou mikrovlnku","url":"https:\/\/www.regec.cz\/vyberte-si-tu-spravnou-mikrovlnku\/","datePublished":"2019-06-16","dateModified":"2023-05-22","mainEntityOfPage":"https:\/\/www.regec.cz\/vyberte-si-tu-spravnou-mikrovlnku\/","author":{"@type":"Person","@id":"https:\/\/www.regec.cz\/author\/#Person","name":"","url":"https:\/\/www.regec.cz\/author\/","identifier":1,"image":{"@type":"ImageObject","@id":"https:\/\/secure.gravatar.com\/avatar\/c065076eb86551fdb70725c8063acf1b60a8edaed14ed654228c4cba13121c83?s=96&d=mm&r=g","url":"https:\/\/secure.gravatar.com\/avatar\/c065076eb86551fdb70725c8063acf1b60a8edaed14ed654228c4cba13121c83?s=96&d=mm&r=g","height":96,"width":96}},"publisher":{"@type":"Organization","name":"regec.cz","logo":{"@type":"ImageObject","@id":"\/logo.png","url":"\/logo.png","width":600,"height":60}},"image":{"@type":"ImageObject","@id":"https:\/\/www.regec.cz\/wp-content\/uploads\/img_a347806_w2634_t1562409474.png","url":"https:\/\/www.regec.cz\/wp-content\/uploads\/img_a347806_w2634_t1562409474.png","height":0,"width":0},"wordCount":456,"keywords":null},{"@type":"Article","@id":"https:\/\/www.regec.cz\/krasa-bez-otoku-odrenin-a-modrin\/","headline":"Kr\u00e1sa bez otok\u016f, od\u0159enin a mod\u0159in","url":"https:\/\/www.regec.cz\/krasa-bez-otoku-odrenin-a-modrin\/","datePublished":"2019-06-15","dateModified":"2023-05-22","mainEntityOfPage":"https:\/\/www.regec.cz\/krasa-bez-otoku-odrenin-a-modrin\/","author":{"@type":"Person","@id":"https:\/\/www.regec.cz\/author\/#Person","name":"","url":"https:\/\/www.regec.cz\/author\/","identifier":1,"image":{"@type":"ImageObject","@id":"https:\/\/secure.gravatar.com\/avatar\/c065076eb86551fdb70725c8063acf1b60a8edaed14ed654228c4cba13121c83?s=96&d=mm&r=g","url":"https:\/\/secure.gravatar.com\/avatar\/c065076eb86551fdb70725c8063acf1b60a8edaed14ed654228c4cba13121c83?s=96&d=mm&r=g","height":96,"width":96}},"publisher":{"@type":"Organization","name":"regec.cz","logo":{"@type":"ImageObject","@id":"\/logo.png","url":"\/logo.png","width":600,"height":60}},"image":{"@type":"ImageObject","@id":"https:\/\/www.regec.cz\/wp-content\/uploads\/img_a346081_w2234_t1560065083.jpg","url":"https:\/\/www.regec.cz\/wp-content\/uploads\/img_a346081_w2234_t1560065083.jpg","height":0,"width":0},"wordCount":4478,"keywords":null},{"@type":"Article","@id":"https:\/\/www.regec.cz\/zamestnanec-chce-dat-vypoved-presvedcte-ho-at-to-nedela\/","headline":"Zam\u011bstnanec chce d\u00e1t v\u00fdpov\u011b\u010f. P\u0159esv\u011bd\u010dte ho, a\u0165 to ned\u011bl\u00e1","url":"https:\/\/www.regec.cz\/zamestnanec-chce-dat-vypoved-presvedcte-ho-at-to-nedela\/","datePublished":"2019-05-18","dateModified":"2019-05-18","mainEntityOfPage":"https:\/\/www.regec.cz\/zamestnanec-chce-dat-vypoved-presvedcte-ho-at-to-nedela\/","author":{"@type":"Person","@id":"https:\/\/www.regec.cz\/author\/#Person","name":"","url":"https:\/\/www.regec.cz\/author\/","identifier":1,"image":{"@type":"ImageObject","@id":"https:\/\/secure.gravatar.com\/avatar\/c065076eb86551fdb70725c8063acf1b60a8edaed14ed654228c4cba13121c83?s=96&d=mm&r=g","url":"https:\/\/secure.gravatar.com\/avatar\/c065076eb86551fdb70725c8063acf1b60a8edaed14ed654228c4cba13121c83?s=96&d=mm&r=g","height":96,"width":96}},"publisher":{"@type":"Organization","name":"regec.cz","logo":{"@type":"ImageObject","@id":"\/logo.png","url":"\/logo.png","width":600,"height":60}},"image":{"@type":"ImageObject","@id":"https:\/\/www.regec.cz\/wp-content\/uploads\/img_a345322_w2946_t1558984155.jpg","url":"https:\/\/www.regec.cz\/wp-content\/uploads\/img_a345322_w2946_t1558984155.jpg","height":0,"width":0},"wordCount":519,"keywords":null},{"@type":"Article","@id":"https:\/\/www.regec.cz\/nebojte-se-podnikat\/","headline":"Nebojte se podnikat","url":"https:\/\/www.regec.cz\/nebojte-se-podnikat\/","datePublished":"2019-04-11","dateModified":"2023-05-22","mainEntityOfPage":"https:\/\/www.regec.cz\/nebojte-se-podnikat\/","author":{"@type":"Person","@id":"https:\/\/www.regec.cz\/author\/#Person","name":"","url":"https:\/\/www.regec.cz\/author\/","identifier":1,"image":{"@type":"ImageObject","@id":"https:\/\/secure.gravatar.com\/avatar\/c065076eb86551fdb70725c8063acf1b60a8edaed14ed654228c4cba13121c83?s=96&d=mm&r=g","url":"https:\/\/secure.gravatar.com\/avatar\/c065076eb86551fdb70725c8063acf1b60a8edaed14ed654228c4cba13121c83?s=96&d=mm&r=g","height":96,"width":96}},"publisher":{"@type":"Organization","name":"regec.cz","logo":{"@type":"ImageObject","@id":"\/logo.png","url":"\/logo.png","width":600,"height":60}},"image":{"@type":"ImageObject","@id":"https:\/\/www.regec.cz\/wp-content\/uploads\/img_a343287_w2294_t1556391339.jpg","url":"https:\/\/www.regec.cz\/wp-content\/uploads\/img_a343287_w2294_t1556391339.jpg","height":0,"width":0},"wordCount":4443,"keywords":null},{"@type":"Article","@id":"https:\/\/www.regec.cz\/nezanedbavejte-volbu-vhodne-autozarovky-h7\/","headline":"Nezanedb\u00e1vejte volbu vhodn\u00e9 auto\u017e\u00e1rovky h7","url":"https:\/\/www.regec.cz\/nezanedbavejte-volbu-vhodne-autozarovky-h7\/","datePublished":"2019-03-16","dateModified":"2023-05-22","mainEntityOfPage":"https:\/\/www.regec.cz\/nezanedbavejte-volbu-vhodne-autozarovky-h7\/","author":{"@type":"Person","@id":"https:\/\/www.regec.cz\/author\/#Person","name":"","url":"https:\/\/www.regec.cz\/author\/","identifier":1,"image":{"@type":"ImageObject","@id":"https:\/\/secure.gravatar.com\/avatar\/c065076eb86551fdb70725c8063acf1b60a8edaed14ed654228c4cba13121c83?s=96&d=mm&r=g","url":"https:\/\/secure.gravatar.com\/avatar\/c065076eb86551fdb70725c8063acf1b60a8edaed14ed654228c4cba13121c83?s=96&d=mm&r=g","height":96,"width":96}},"publisher":{"@type":"Organization","name":"regec.cz","logo":{"@type":"ImageObject","@id":"\/logo.png","url":"\/logo.png","width":600,"height":60}},"image":{"@type":"ImageObject","@id":"https:\/\/www.regec.cz\/wp-content\/uploads\/img_a344067_w2600_t1557483546.jpg","url":"https:\/\/www.regec.cz\/wp-content\/uploads\/img_a344067_w2600_t1557483546.jpg","height":0,"width":0},"wordCount":520,"keywords":null},{"@type":"Article","@id":"https:\/\/www.regec.cz\/proc-se-vlastne-nestat-burziany\/","headline":"Pro\u010d se vlastn\u011b nestat \u201aburzi\u00e1ny\u2018?","url":"https:\/\/www.regec.cz\/proc-se-vlastne-nestat-burziany\/","datePublished":"2019-03-06","dateModified":"2023-05-22","mainEntityOfPage":"https:\/\/www.regec.cz\/proc-se-vlastne-nestat-burziany\/","author":{"@type":"Person","@id":"https:\/\/www.regec.cz\/author\/#Person","name":"","url":"https:\/\/www.regec.cz\/author\/","identifier":1,"image":{"@type":"ImageObject","@id":"https:\/\/secure.gravatar.com\/avatar\/c065076eb86551fdb70725c8063acf1b60a8edaed14ed654228c4cba13121c83?s=96&d=mm&r=g","url":"https:\/\/secure.gravatar.com\/avatar\/c065076eb86551fdb70725c8063acf1b60a8edaed14ed654228c4cba13121c83?s=96&d=mm&r=g","height":96,"width":96}},"publisher":{"@type":"Organization","name":"regec.cz","logo":{"@type":"ImageObject","@id":"\/logo.png","url":"\/logo.png","width":600,"height":60}},"image":{"@type":"ImageObject","@id":"https:\/\/www.regec.cz\/wp-content\/uploads\/img_a343525_w1693_t1556530802.png","url":"https:\/\/www.regec.cz\/wp-content\/uploads\/img_a343525_w1693_t1556530802.png","height":0,"width":0},"wordCount":753,"keywords":null},{"@type":"Article","@id":"https:\/\/www.regec.cz\/kdo-vam-pujci\/","headline":"Kdo v\u00e1m p\u016fj\u010d\u00ed?","url":"https:\/\/www.regec.cz\/kdo-vam-pujci\/","datePublished":"2019-03-04","dateModified":"2023-05-22","mainEntityOfPage":"https:\/\/www.regec.cz\/kdo-vam-pujci\/","author":{"@type":"Person","@id":"https:\/\/www.regec.cz\/author\/#Person","name":"","url":"https:\/\/www.regec.cz\/author\/","identifier":1,"image":{"@type":"ImageObject","@id":"https:\/\/secure.gravatar.com\/avatar\/c065076eb86551fdb70725c8063acf1b60a8edaed14ed654228c4cba13121c83?s=96&d=mm&r=g","url":"https:\/\/secure.gravatar.com\/avatar\/c065076eb86551fdb70725c8063acf1b60a8edaed14ed654228c4cba13121c83?s=96&d=mm&r=g","height":96,"width":96}},"publisher":{"@type":"Organization","name":"regec.cz","logo":{"@type":"ImageObject","@id":"\/logo.png","url":"\/logo.png","width":600,"height":60}},"image":{"@type":"ImageObject","@id":"https:\/\/www.regec.cz\/wp-content\/uploads\/img_a339935_w2816_t1552996393.jpg","url":"https:\/\/www.regec.cz\/wp-content\/uploads\/img_a339935_w2816_t1552996393.jpg","height":0,"width":0},"wordCount":630,"keywords":null},{"@type":"Article","@id":"https:\/\/www.regec.cz\/sibutramin-s-obezitou-spolehlive-zatoci\/","headline":"Sibutramin s obezitou spolehliv\u011b zato\u010d\u00ed","url":"https:\/\/www.regec.cz\/sibutramin-s-obezitou-spolehlive-zatoci\/","datePublished":"2019-01-06","dateModified":"2023-05-22","mainEntityOfPage":"https:\/\/www.regec.cz\/sibutramin-s-obezitou-spolehlive-zatoci\/","author":{"@type":"Person","@id":"https:\/\/www.regec.cz\/author\/#Person","name":"","url":"https:\/\/www.regec.cz\/author\/","identifier":1,"image":{"@type":"ImageObject","@id":"https:\/\/secure.gravatar.com\/avatar\/c065076eb86551fdb70725c8063acf1b60a8edaed14ed654228c4cba13121c83?s=96&d=mm&r=g","url":"https:\/\/secure.gravatar.com\/avatar\/c065076eb86551fdb70725c8063acf1b60a8edaed14ed654228c4cba13121c83?s=96&d=mm&r=g","height":96,"width":96}},"publisher":{"@type":"Organization","name":"regec.cz","logo":{"@type":"ImageObject","@id":"\/logo.png","url":"\/logo.png","width":600,"height":60}},"image":{"@type":"ImageObject","@id":"https:\/\/www.regec.cz\/wp-content\/uploads\/img_a336714_w1722_t1550057646.png","url":"https:\/\/www.regec.cz\/wp-content\/uploads\/img_a336714_w1722_t1550057646.png","height":0,"width":0},"wordCount":502,"keywords":null},{"@type":"Article","@id":"https:\/\/www.regec.cz\/darky-od-firmy-selvintech-potesi-vase-blizke\/","headline":"D\u00e1rky od firmy Selvintech pot\u011b\u0161\u00ed va\u0161e bl\u00edzk\u00e9","url":"https:\/\/www.regec.cz\/darky-od-firmy-selvintech-potesi-vase-blizke\/","datePublished":"2019-01-05","dateModified":"2023-09-19","mainEntityOfPage":"https:\/\/www.regec.cz\/darky-od-firmy-selvintech-potesi-vase-blizke\/","author":{"@type":"Person","@id":"https:\/\/www.regec.cz\/author\/#Person","name":"","url":"https:\/\/www.regec.cz\/author\/","identifier":1,"image":{"@type":"ImageObject","@id":"https:\/\/secure.gravatar.com\/avatar\/c065076eb86551fdb70725c8063acf1b60a8edaed14ed654228c4cba13121c83?s=96&d=mm&r=g","url":"https:\/\/secure.gravatar.com\/avatar\/c065076eb86551fdb70725c8063acf1b60a8edaed14ed654228c4cba13121c83?s=96&d=mm&r=g","height":96,"width":96}},"publisher":{"@type":"Organization","name":"regec.cz","logo":{"@type":"ImageObject","@id":"\/logo.png","url":"\/logo.png","width":600,"height":60}},"image":{"@type":"ImageObject","@id":"https:\/\/www.regec.cz\/wp-content\/uploads\/img_a335971_w1698_t1549370335.jpg","url":"https:\/\/www.regec.cz\/wp-content\/uploads\/img_a335971_w1698_t1549370335.jpg","height":0,"width":0},"wordCount":537,"keywords":null}]},{"@context":"https:\/\/schema.org","@type":"WebSite","@id":"https:\/\/www.regec.cz\/#website","name":"Regec","url":"https:\/\/www.regec.cz","potentialAction":{"@type":"SearchAction","target":"https:\/\/www.regec.cz\/?s={search_term_string}","query-input":"required name=search_term_string"}}]