[{"@context":"https:\/\/schema.org\/","@type":"Blog","@id":"https:\/\/www.regec.cz#Blog","headline":"Regec","description":"\nNev\u00edte, jak zjistit, co je na internetu pravdou pravdouc\u00ed a co bohapustou l\u017e\u00ed? Pravdou je tam to, co si m\u016f\u017eete p\u0159e\u010d\u00edst na na\u0161\u00ed internetov\u00e9 str\u00e1nce.","url":"https:\/\/www.regec.cz","hasPart":[{"@type":"Article","@id":"https:\/\/www.regec.cz\/huawei-p20-lite\/","headline":"Huawei P20 Lite","url":"https:\/\/www.regec.cz\/huawei-p20-lite\/","datePublished":"2019-10-24","dateModified":"2023-05-22","mainEntityOfPage":"https:\/\/www.regec.cz\/huawei-p20-lite\/","author":{"@type":"Person","@id":"https:\/\/www.regec.cz\/author\/#Person","name":"","url":"https:\/\/www.regec.cz\/author\/","identifier":1,"image":{"@type":"ImageObject","@id":"https:\/\/secure.gravatar.com\/avatar\/c065076eb86551fdb70725c8063acf1b60a8edaed14ed654228c4cba13121c83?s=96&d=mm&r=g","url":"https:\/\/secure.gravatar.com\/avatar\/c065076eb86551fdb70725c8063acf1b60a8edaed14ed654228c4cba13121c83?s=96&d=mm&r=g","height":96,"width":96}},"publisher":{"@type":"Organization","name":"regec.cz","logo":{"@type":"ImageObject","@id":"\/logo.png","url":"\/logo.png","width":600,"height":60}},"image":{"@type":"ImageObject","@id":"https:\/\/www.regec.cz\/wp-content\/uploads\/img_a366370_w1757_t1578996677.jpg","url":"https:\/\/www.regec.cz\/wp-content\/uploads\/img_a366370_w1757_t1578996677.jpg","height":0,"width":0},"wordCount":541,"keywords":null},{"@type":"Article","@id":"https:\/\/www.regec.cz\/resenim-muze-byt-i-pujcka\/","headline":"\u0158e\u0161en\u00edm m\u016f\u017ee b\u00fdt i p\u016fj\u010dka","url":"https:\/\/www.regec.cz\/resenim-muze-byt-i-pujcka\/","datePublished":"2019-10-24","dateModified":"2023-05-22","mainEntityOfPage":"https:\/\/www.regec.cz\/resenim-muze-byt-i-pujcka\/","author":{"@type":"Person","@id":"https:\/\/www.regec.cz\/author\/#Person","name":"","url":"https:\/\/www.regec.cz\/author\/","identifier":1,"image":{"@type":"ImageObject","@id":"https:\/\/secure.gravatar.com\/avatar\/c065076eb86551fdb70725c8063acf1b60a8edaed14ed654228c4cba13121c83?s=96&d=mm&r=g","url":"https:\/\/secure.gravatar.com\/avatar\/c065076eb86551fdb70725c8063acf1b60a8edaed14ed654228c4cba13121c83?s=96&d=mm&r=g","height":96,"width":96}},"publisher":{"@type":"Organization","name":"regec.cz","logo":{"@type":"ImageObject","@id":"\/logo.png","url":"\/logo.png","width":600,"height":60}},"image":{"@type":"ImageObject","@id":"https:\/\/www.regec.cz\/wp-content\/uploads\/img_a367028_w2001_t1579442310.jpg","url":"https:\/\/www.regec.cz\/wp-content\/uploads\/img_a367028_w2001_t1579442310.jpg","height":0,"width":0},"wordCount":505,"keywords":null},{"@type":"Article","@id":"https:\/\/www.regec.cz\/saty-si-jde-i-jen-pujcit\/","headline":"\u0160aty si jde i jen p\u016fj\u010dit","url":"https:\/\/www.regec.cz\/saty-si-jde-i-jen-pujcit\/","datePublished":"2019-10-16","dateModified":"2023-05-22","mainEntityOfPage":"https:\/\/www.regec.cz\/saty-si-jde-i-jen-pujcit\/","author":{"@type":"Person","@id":"https:\/\/www.regec.cz\/author\/#Person","name":"","url":"https:\/\/www.regec.cz\/author\/","identifier":1,"image":{"@type":"ImageObject","@id":"https:\/\/secure.gravatar.com\/avatar\/c065076eb86551fdb70725c8063acf1b60a8edaed14ed654228c4cba13121c83?s=96&d=mm&r=g","url":"https:\/\/secure.gravatar.com\/avatar\/c065076eb86551fdb70725c8063acf1b60a8edaed14ed654228c4cba13121c83?s=96&d=mm&r=g","height":96,"width":96}},"publisher":{"@type":"Organization","name":"regec.cz","logo":{"@type":"ImageObject","@id":"\/logo.png","url":"\/logo.png","width":600,"height":60}},"image":{"@type":"ImageObject","@id":"https:\/\/www.regec.cz\/wp-content\/uploads\/img_a365283_w1938_t1578230490.jpg","url":"https:\/\/www.regec.cz\/wp-content\/uploads\/img_a365283_w1938_t1578230490.jpg","height":0,"width":0},"wordCount":547,"keywords":null},{"@type":"Article","@id":"https:\/\/www.regec.cz\/overturismus\/","headline":"Overturismus","url":"https:\/\/www.regec.cz\/overturismus\/","datePublished":"2019-10-04","dateModified":"2023-05-22","mainEntityOfPage":"https:\/\/www.regec.cz\/overturismus\/","author":{"@type":"Person","@id":"https:\/\/www.regec.cz\/author\/#Person","name":"","url":"https:\/\/www.regec.cz\/author\/","identifier":1,"image":{"@type":"ImageObject","@id":"https:\/\/secure.gravatar.com\/avatar\/c065076eb86551fdb70725c8063acf1b60a8edaed14ed654228c4cba13121c83?s=96&d=mm&r=g","url":"https:\/\/secure.gravatar.com\/avatar\/c065076eb86551fdb70725c8063acf1b60a8edaed14ed654228c4cba13121c83?s=96&d=mm&r=g","height":96,"width":96}},"publisher":{"@type":"Organization","name":"regec.cz","logo":{"@type":"ImageObject","@id":"\/logo.png","url":"\/logo.png","width":600,"height":60}},"image":{"@type":"ImageObject","@id":"https:\/\/www.regec.cz\/wp-content\/uploads\/img_a358292_w3145_t1572514014.jpg","url":"https:\/\/www.regec.cz\/wp-content\/uploads\/img_a358292_w3145_t1572514014.jpg","height":0,"width":0},"wordCount":513,"keywords":null},{"@type":"Article","@id":"https:\/\/www.regec.cz\/nemusi-to-byt-boj\/","headline":"Nemus\u00ed to b\u00fdt boj","url":"https:\/\/www.regec.cz\/nemusi-to-byt-boj\/","datePublished":"2019-09-25","dateModified":"2023-05-22","mainEntityOfPage":"https:\/\/www.regec.cz\/nemusi-to-byt-boj\/","author":{"@type":"Person","@id":"https:\/\/www.regec.cz\/author\/#Person","name":"","url":"https:\/\/www.regec.cz\/author\/","identifier":1,"image":{"@type":"ImageObject","@id":"https:\/\/secure.gravatar.com\/avatar\/c065076eb86551fdb70725c8063acf1b60a8edaed14ed654228c4cba13121c83?s=96&d=mm&r=g","url":"https:\/\/secure.gravatar.com\/avatar\/c065076eb86551fdb70725c8063acf1b60a8edaed14ed654228c4cba13121c83?s=96&d=mm&r=g","height":96,"width":96}},"publisher":{"@type":"Organization","name":"regec.cz","logo":{"@type":"ImageObject","@id":"\/logo.png","url":"\/logo.png","width":600,"height":60}},"image":{"@type":"ImageObject","@id":"https:\/\/www.regec.cz\/wp-content\/uploads\/img_a355316_w3378_t1569677783.jpg","url":"https:\/\/www.regec.cz\/wp-content\/uploads\/img_a355316_w3378_t1569677783.jpg","height":0,"width":0},"wordCount":479,"keywords":null},{"@type":"Article","@id":"https:\/\/www.regec.cz\/bazar-hodinek\/","headline":"Bazar hodinek","url":"https:\/\/www.regec.cz\/bazar-hodinek\/","datePublished":"2019-09-23","dateModified":"2019-09-23","mainEntityOfPage":"https:\/\/www.regec.cz\/bazar-hodinek\/","author":{"@type":"Person","@id":"https:\/\/www.regec.cz\/author\/#Person","name":"","url":"https:\/\/www.regec.cz\/author\/","identifier":1,"image":{"@type":"ImageObject","@id":"https:\/\/secure.gravatar.com\/avatar\/c065076eb86551fdb70725c8063acf1b60a8edaed14ed654228c4cba13121c83?s=96&d=mm&r=g","url":"https:\/\/secure.gravatar.com\/avatar\/c065076eb86551fdb70725c8063acf1b60a8edaed14ed654228c4cba13121c83?s=96&d=mm&r=g","height":96,"width":96}},"publisher":{"@type":"Organization","name":"regec.cz","logo":{"@type":"ImageObject","@id":"\/logo.png","url":"\/logo.png","width":600,"height":60}},"image":{"@type":"ImageObject","@id":"https:\/\/www.regec.cz\/wp-content\/uploads\/img_a363584_w1719_t1576165393.jpg","url":"https:\/\/www.regec.cz\/wp-content\/uploads\/img_a363584_w1719_t1576165393.jpg","height":0,"width":0},"wordCount":581,"keywords":null},{"@type":"Article","@id":"https:\/\/www.regec.cz\/persky-koberec-ma-misto-v-klasickem-i-modernim-interieru\/","headline":"Persk\u00fd koberec m\u00e1 m\u00edsto v klasick\u00e9m i modern\u00edm interi\u00e9ru!","url":"https:\/\/www.regec.cz\/persky-koberec-ma-misto-v-klasickem-i-modernim-interieru\/","datePublished":"2019-09-20","dateModified":"2023-05-22","mainEntityOfPage":"https:\/\/www.regec.cz\/persky-koberec-ma-misto-v-klasickem-i-modernim-interieru\/","author":{"@type":"Person","@id":"https:\/\/www.regec.cz\/author\/#Person","name":"","url":"https:\/\/www.regec.cz\/author\/","identifier":1,"image":{"@type":"ImageObject","@id":"https:\/\/secure.gravatar.com\/avatar\/c065076eb86551fdb70725c8063acf1b60a8edaed14ed654228c4cba13121c83?s=96&d=mm&r=g","url":"https:\/\/secure.gravatar.com\/avatar\/c065076eb86551fdb70725c8063acf1b60a8edaed14ed654228c4cba13121c83?s=96&d=mm&r=g","height":96,"width":96}},"publisher":{"@type":"Organization","name":"regec.cz","logo":{"@type":"ImageObject","@id":"\/logo.png","url":"\/logo.png","width":600,"height":60}},"image":{"@type":"ImageObject","@id":"https:\/\/www.regec.cz\/wp-content\/uploads\/img_a355061_w3347_t1569506923.jpg","url":"https:\/\/www.regec.cz\/wp-content\/uploads\/img_a355061_w3347_t1569506923.jpg","height":0,"width":0},"wordCount":589,"keywords":null},{"@type":"Article","@id":"https:\/\/www.regec.cz\/casta-chyba-okamzite-rozjezdy-s-autem\/","headline":"\u010cast\u00e1 chyba! Okam\u017eit\u00e9 rozjezdy s autem","url":"https:\/\/www.regec.cz\/casta-chyba-okamzite-rozjezdy-s-autem\/","datePublished":"2019-09-19","dateModified":"2019-09-19","mainEntityOfPage":"https:\/\/www.regec.cz\/casta-chyba-okamzite-rozjezdy-s-autem\/","author":{"@type":"Person","@id":"https:\/\/www.regec.cz\/author\/#Person","name":"","url":"https:\/\/www.regec.cz\/author\/","identifier":1,"image":{"@type":"ImageObject","@id":"https:\/\/secure.gravatar.com\/avatar\/c065076eb86551fdb70725c8063acf1b60a8edaed14ed654228c4cba13121c83?s=96&d=mm&r=g","url":"https:\/\/secure.gravatar.com\/avatar\/c065076eb86551fdb70725c8063acf1b60a8edaed14ed654228c4cba13121c83?s=96&d=mm&r=g","height":96,"width":96}},"publisher":{"@type":"Organization","name":"regec.cz","logo":{"@type":"ImageObject","@id":"\/logo.png","url":"\/logo.png","width":600,"height":60}},"image":{"@type":"ImageObject","@id":"https:\/\/www.regec.cz\/wp-content\/uploads\/img_a355419_w3112_t1569695384.jpg","url":"https:\/\/www.regec.cz\/wp-content\/uploads\/img_a355419_w3112_t1569695384.jpg","height":0,"width":0},"wordCount":564,"keywords":null},{"@type":"Article","@id":"https:\/\/www.regec.cz\/za-krasami-jizni-moravy\/","headline":"Za kr\u00e1sami ji\u017en\u00ed Moravy","url":"https:\/\/www.regec.cz\/za-krasami-jizni-moravy\/","datePublished":"2019-09-19","dateModified":"2023-05-22","mainEntityOfPage":"https:\/\/www.regec.cz\/za-krasami-jizni-moravy\/","author":{"@type":"Person","@id":"https:\/\/www.regec.cz\/author\/#Person","name":"","url":"https:\/\/www.regec.cz\/author\/","identifier":1,"image":{"@type":"ImageObject","@id":"https:\/\/secure.gravatar.com\/avatar\/c065076eb86551fdb70725c8063acf1b60a8edaed14ed654228c4cba13121c83?s=96&d=mm&r=g","url":"https:\/\/secure.gravatar.com\/avatar\/c065076eb86551fdb70725c8063acf1b60a8edaed14ed654228c4cba13121c83?s=96&d=mm&r=g","height":96,"width":96}},"publisher":{"@type":"Organization","name":"regec.cz","logo":{"@type":"ImageObject","@id":"\/logo.png","url":"\/logo.png","width":600,"height":60}},"image":{"@type":"ImageObject","@id":"https:\/\/www.regec.cz\/wp-content\/uploads\/img_a362242_w1944_t1575275054.jpg","url":"https:\/\/www.regec.cz\/wp-content\/uploads\/img_a362242_w1944_t1575275054.jpg","height":0,"width":0},"wordCount":4456,"keywords":null},{"@type":"Article","@id":"https:\/\/www.regec.cz\/stranky-potrebuji-navstevnost\/","headline":"Str\u00e1nky pot\u0159ebuj\u00ed n\u00e1v\u0161t\u011bvnost","url":"https:\/\/www.regec.cz\/stranky-potrebuji-navstevnost\/","datePublished":"2019-07-14","dateModified":"2023-05-22","mainEntityOfPage":"https:\/\/www.regec.cz\/stranky-potrebuji-navstevnost\/","author":{"@type":"Person","@id":"https:\/\/www.regec.cz\/author\/#Person","name":"","url":"https:\/\/www.regec.cz\/author\/","identifier":1,"image":{"@type":"ImageObject","@id":"https:\/\/secure.gravatar.com\/avatar\/c065076eb86551fdb70725c8063acf1b60a8edaed14ed654228c4cba13121c83?s=96&d=mm&r=g","url":"https:\/\/secure.gravatar.com\/avatar\/c065076eb86551fdb70725c8063acf1b60a8edaed14ed654228c4cba13121c83?s=96&d=mm&r=g","height":96,"width":96}},"publisher":{"@type":"Organization","name":"regec.cz","logo":{"@type":"ImageObject","@id":"\/logo.png","url":"\/logo.png","width":600,"height":60}},"image":{"@type":"ImageObject","@id":"https:\/\/www.regec.cz\/wp-content\/uploads\/img_a362941_w4298_t1575819787.jpg","url":"https:\/\/www.regec.cz\/wp-content\/uploads\/img_a362941_w4298_t1575819787.jpg","height":0,"width":0},"wordCount":4520,"keywords":null}]},{"@context":"https:\/\/schema.org","@type":"WebSite","@id":"https:\/\/www.regec.cz\/#website","name":"Regec","url":"https:\/\/www.regec.cz","potentialAction":{"@type":"SearchAction","target":"https:\/\/www.regec.cz\/?s={search_term_string}","query-input":"required name=search_term_string"}}]