{"@context":"https:\/\/schema.org\/","@type":"CollectionPage","@id":"https:\/\/www.regec.cz\/nakupy\/#CollectionPage","headline":"N\u00e1kupy Category","description":"","url":"https:\/\/www.regec.cz\/nakupy\/","hasPart":[{"@type":"Article","@id":"https:\/\/www.regec.cz\/zhubnete-bez-narocnych-a-neprijemnych-diet\/","headline":"Zhubn\u011bte bez n\u00e1ro\u010dn\u00fdch a nep\u0159\u00edjemn\u00fdch diet","url":"https:\/\/www.regec.cz\/zhubnete-bez-narocnych-a-neprijemnych-diet\/","datePublished":"2020-10-19","dateModified":"2023-05-22","mainEntityOfPage":"https:\/\/www.regec.cz\/zhubnete-bez-narocnych-a-neprijemnych-diet\/","author":{"@type":"Person","@id":"https:\/\/www.regec.cz\/author\/#Person","name":"","url":"https:\/\/www.regec.cz\/author\/","identifier":1,"image":{"@type":"ImageObject","@id":"https:\/\/secure.gravatar.com\/avatar\/c065076eb86551fdb70725c8063acf1b60a8edaed14ed654228c4cba13121c83?s=96&d=mm&r=g","url":"https:\/\/secure.gravatar.com\/avatar\/c065076eb86551fdb70725c8063acf1b60a8edaed14ed654228c4cba13121c83?s=96&d=mm&r=g","height":96,"width":96}},"publisher":{"@type":"Organization","name":"regec.cz","logo":{"@type":"ImageObject","@id":"\/logo.png","url":"\/logo.png","width":600,"height":60}},"image":{"@type":"ImageObject","@id":"https:\/\/www.regec.cz\/wp-content\/uploads\/remove-2538643_960_720.jpg","url":"https:\/\/www.regec.cz\/wp-content\/uploads\/remove-2538643_960_720.jpg","height":0,"width":0},"keywords":null},{"@type":"Article","@id":"https:\/\/www.regec.cz\/kde-najdeme-kovane-zabradli\/","headline":"Kde najdeme kovan\u00e9 z\u00e1bradl\u00ed","url":"https:\/\/www.regec.cz\/kde-najdeme-kovane-zabradli\/","datePublished":"2020-10-13","dateModified":"2023-05-22","mainEntityOfPage":"https:\/\/www.regec.cz\/kde-najdeme-kovane-zabradli\/","author":{"@type":"Person","@id":"https:\/\/www.regec.cz\/author\/#Person","name":"","url":"https:\/\/www.regec.cz\/author\/","identifier":1,"image":{"@type":"ImageObject","@id":"https:\/\/secure.gravatar.com\/avatar\/c065076eb86551fdb70725c8063acf1b60a8edaed14ed654228c4cba13121c83?s=96&d=mm&r=g","url":"https:\/\/secure.gravatar.com\/avatar\/c065076eb86551fdb70725c8063acf1b60a8edaed14ed654228c4cba13121c83?s=96&d=mm&r=g","height":96,"width":96}},"publisher":{"@type":"Organization","name":"regec.cz","logo":{"@type":"ImageObject","@id":"\/logo.png","url":"\/logo.png","width":600,"height":60}},"image":{"@type":"ImageObject","@id":"https:\/\/www.regec.cz\/wp-content\/uploads\/schodiste4_9.jpg","url":"https:\/\/www.regec.cz\/wp-content\/uploads\/schodiste4_9.jpg","height":0,"width":0},"keywords":null},{"@type":"Article","@id":"https:\/\/www.regec.cz\/se-spravnym-pristupem-se-muzete-brzy-vlezt-do-starych-plavek\/","headline":"Se spr\u00e1vn\u00fdm p\u0159\u00edstupem se m\u016f\u017eete brzy vl\u00e9zt do star\u00fdch plavek","url":"https:\/\/www.regec.cz\/se-spravnym-pristupem-se-muzete-brzy-vlezt-do-starych-plavek\/","datePublished":"2020-09-16","dateModified":"2023-05-22","mainEntityOfPage":"https:\/\/www.regec.cz\/se-spravnym-pristupem-se-muzete-brzy-vlezt-do-starych-plavek\/","author":{"@type":"Person","@id":"https:\/\/www.regec.cz\/author\/#Person","name":"","url":"https:\/\/www.regec.cz\/author\/","identifier":1,"image":{"@type":"ImageObject","@id":"https:\/\/secure.gravatar.com\/avatar\/c065076eb86551fdb70725c8063acf1b60a8edaed14ed654228c4cba13121c83?s=96&d=mm&r=g","url":"https:\/\/secure.gravatar.com\/avatar\/c065076eb86551fdb70725c8063acf1b60a8edaed14ed654228c4cba13121c83?s=96&d=mm&r=g","height":96,"width":96}},"publisher":{"@type":"Organization","name":"regec.cz","logo":{"@type":"ImageObject","@id":"\/logo.png","url":"\/logo.png","width":600,"height":60}},"image":{"@type":"ImageObject","@id":"https:\/\/www.regec.cz\/wp-content\/uploads\/Cukry%20vynechejte.jpg","url":"https:\/\/www.regec.cz\/wp-content\/uploads\/Cukry%20vynechejte.jpg","height":0,"width":0},"keywords":null},{"@type":"Article","@id":"https:\/\/www.regec.cz\/setrete-si-ruce\/","headline":"\u0160et\u0159ete si ruce","url":"https:\/\/www.regec.cz\/setrete-si-ruce\/","datePublished":"2020-09-14","dateModified":"2023-05-22","mainEntityOfPage":"https:\/\/www.regec.cz\/setrete-si-ruce\/","author":{"@type":"Person","@id":"https:\/\/www.regec.cz\/author\/#Person","name":"","url":"https:\/\/www.regec.cz\/author\/","identifier":1,"image":{"@type":"ImageObject","@id":"https:\/\/secure.gravatar.com\/avatar\/c065076eb86551fdb70725c8063acf1b60a8edaed14ed654228c4cba13121c83?s=96&d=mm&r=g","url":"https:\/\/secure.gravatar.com\/avatar\/c065076eb86551fdb70725c8063acf1b60a8edaed14ed654228c4cba13121c83?s=96&d=mm&r=g","height":96,"width":96}},"publisher":{"@type":"Organization","name":"regec.cz","logo":{"@type":"ImageObject","@id":"\/logo.png","url":"\/logo.png","width":600,"height":60}},"image":{"@type":"ImageObject","@id":"https:\/\/www.regec.cz\/wp-content\/uploads\/img_a300029_w2173_t1510130235.jpg","url":"https:\/\/www.regec.cz\/wp-content\/uploads\/img_a300029_w2173_t1510130235.jpg","height":0,"width":0},"keywords":null},{"@type":"Article","@id":"https:\/\/www.regec.cz\/betonove-ploty-muzete-kombinovat-s-jinym-materialem\/","headline":"Betonov\u00e9 ploty m\u016f\u017eete kombinovat s jin\u00fdm materi\u00e1lem","url":"https:\/\/www.regec.cz\/betonove-ploty-muzete-kombinovat-s-jinym-materialem\/","datePublished":"2020-08-10","dateModified":"2023-05-22","mainEntityOfPage":"https:\/\/www.regec.cz\/betonove-ploty-muzete-kombinovat-s-jinym-materialem\/","author":{"@type":"Person","@id":"https:\/\/www.regec.cz\/author\/#Person","name":"","url":"https:\/\/www.regec.cz\/author\/","identifier":1,"image":{"@type":"ImageObject","@id":"https:\/\/secure.gravatar.com\/avatar\/c065076eb86551fdb70725c8063acf1b60a8edaed14ed654228c4cba13121c83?s=96&d=mm&r=g","url":"https:\/\/secure.gravatar.com\/avatar\/c065076eb86551fdb70725c8063acf1b60a8edaed14ed654228c4cba13121c83?s=96&d=mm&r=g","height":96,"width":96}},"publisher":{"@type":"Organization","name":"regec.cz","logo":{"@type":"ImageObject","@id":"\/logo.png","url":"\/logo.png","width":600,"height":60}},"image":{"@type":"ImageObject","@id":"https:\/\/www.regec.cz\/wp-content\/uploads\/rostlina%20na%20plot%C4%9B_1.jpg","url":"https:\/\/www.regec.cz\/wp-content\/uploads\/rostlina%20na%20plot%C4%9B_1.jpg","height":0,"width":0},"keywords":null},{"@type":"Article","@id":"https:\/\/www.regec.cz\/na-padesatiny-si-muz-zaslouzi-neobycejny-darek\/","headline":"Na pades\u00e1tiny si mu\u017e zaslou\u017e\u00ed neoby\u010dejn\u00fd d\u00e1rek","url":"https:\/\/www.regec.cz\/na-padesatiny-si-muz-zaslouzi-neobycejny-darek\/","datePublished":"2020-03-15","dateModified":"2023-05-22","mainEntityOfPage":"https:\/\/www.regec.cz\/na-padesatiny-si-muz-zaslouzi-neobycejny-darek\/","author":{"@type":"Person","@id":"https:\/\/www.regec.cz\/author\/#Person","name":"","url":"https:\/\/www.regec.cz\/author\/","identifier":1,"image":{"@type":"ImageObject","@id":"https:\/\/secure.gravatar.com\/avatar\/c065076eb86551fdb70725c8063acf1b60a8edaed14ed654228c4cba13121c83?s=96&d=mm&r=g","url":"https:\/\/secure.gravatar.com\/avatar\/c065076eb86551fdb70725c8063acf1b60a8edaed14ed654228c4cba13121c83?s=96&d=mm&r=g","height":96,"width":96}},"publisher":{"@type":"Organization","name":"regec.cz","logo":{"@type":"ImageObject","@id":"\/logo.png","url":"\/logo.png","width":600,"height":60}},"image":{"@type":"ImageObject","@id":"https:\/\/www.regec.cz\/wp-content\/uploads\/d%C5%99ev%C4%9Bn%C3%BD%20box_2.jpg","url":"https:\/\/www.regec.cz\/wp-content\/uploads\/d%C5%99ev%C4%9Bn%C3%BD%20box_2.jpg","height":0,"width":0},"keywords":null},{"@type":"Article","@id":"https:\/\/www.regec.cz\/plstime-a-zdobime\/","headline":"Plst\u00edme a zdob\u00edme","url":"https:\/\/www.regec.cz\/plstime-a-zdobime\/","datePublished":"2019-12-13","dateModified":"2024-06-05","mainEntityOfPage":"https:\/\/www.regec.cz\/plstime-a-zdobime\/","author":{"@type":"Person","@id":"https:\/\/www.regec.cz\/author\/#Person","name":"","url":"https:\/\/www.regec.cz\/author\/","identifier":1,"image":{"@type":"ImageObject","@id":"https:\/\/secure.gravatar.com\/avatar\/c065076eb86551fdb70725c8063acf1b60a8edaed14ed654228c4cba13121c83?s=96&d=mm&r=g","url":"https:\/\/secure.gravatar.com\/avatar\/c065076eb86551fdb70725c8063acf1b60a8edaed14ed654228c4cba13121c83?s=96&d=mm&r=g","height":96,"width":96}},"publisher":{"@type":"Organization","name":"regec.cz","logo":{"@type":"ImageObject","@id":"\/logo.png","url":"\/logo.png","width":600,"height":60}},"image":{"@type":"ImageObject","@id":"https:\/\/www.regec.cz\/wp-content\/uploads\/img_a372204_w1928_t1583750254.jpg","url":"https:\/\/www.regec.cz\/wp-content\/uploads\/img_a372204_w1928_t1583750254.jpg","height":0,"width":0},"keywords":null},{"@type":"Article","@id":"https:\/\/www.regec.cz\/nemusi-to-byt-boj\/","headline":"Nemus\u00ed to b\u00fdt boj","url":"https:\/\/www.regec.cz\/nemusi-to-byt-boj\/","datePublished":"2019-09-25","dateModified":"2023-05-22","mainEntityOfPage":"https:\/\/www.regec.cz\/nemusi-to-byt-boj\/","author":{"@type":"Person","@id":"https:\/\/www.regec.cz\/author\/#Person","name":"","url":"https:\/\/www.regec.cz\/author\/","identifier":1,"image":{"@type":"ImageObject","@id":"https:\/\/secure.gravatar.com\/avatar\/c065076eb86551fdb70725c8063acf1b60a8edaed14ed654228c4cba13121c83?s=96&d=mm&r=g","url":"https:\/\/secure.gravatar.com\/avatar\/c065076eb86551fdb70725c8063acf1b60a8edaed14ed654228c4cba13121c83?s=96&d=mm&r=g","height":96,"width":96}},"publisher":{"@type":"Organization","name":"regec.cz","logo":{"@type":"ImageObject","@id":"\/logo.png","url":"\/logo.png","width":600,"height":60}},"image":{"@type":"ImageObject","@id":"https:\/\/www.regec.cz\/wp-content\/uploads\/img_a355316_w3378_t1569677783.jpg","url":"https:\/\/www.regec.cz\/wp-content\/uploads\/img_a355316_w3378_t1569677783.jpg","height":0,"width":0},"keywords":null},{"@type":"Article","@id":"https:\/\/www.regec.cz\/za-krasami-jizni-moravy\/","headline":"Za kr\u00e1sami ji\u017en\u00ed Moravy","url":"https:\/\/www.regec.cz\/za-krasami-jizni-moravy\/","datePublished":"2019-09-19","dateModified":"2023-05-22","mainEntityOfPage":"https:\/\/www.regec.cz\/za-krasami-jizni-moravy\/","author":{"@type":"Person","@id":"https:\/\/www.regec.cz\/author\/#Person","name":"","url":"https:\/\/www.regec.cz\/author\/","identifier":1,"image":{"@type":"ImageObject","@id":"https:\/\/secure.gravatar.com\/avatar\/c065076eb86551fdb70725c8063acf1b60a8edaed14ed654228c4cba13121c83?s=96&d=mm&r=g","url":"https:\/\/secure.gravatar.com\/avatar\/c065076eb86551fdb70725c8063acf1b60a8edaed14ed654228c4cba13121c83?s=96&d=mm&r=g","height":96,"width":96}},"publisher":{"@type":"Organization","name":"regec.cz","logo":{"@type":"ImageObject","@id":"\/logo.png","url":"\/logo.png","width":600,"height":60}},"image":{"@type":"ImageObject","@id":"https:\/\/www.regec.cz\/wp-content\/uploads\/img_a362242_w1944_t1575275054.jpg","url":"https:\/\/www.regec.cz\/wp-content\/uploads\/img_a362242_w1944_t1575275054.jpg","height":0,"width":0},"keywords":null},{"@type":"Article","@id":"https:\/\/www.regec.cz\/krasa-bez-otoku-odrenin-a-modrin\/","headline":"Kr\u00e1sa bez otok\u016f, od\u0159enin a mod\u0159in","url":"https:\/\/www.regec.cz\/krasa-bez-otoku-odrenin-a-modrin\/","datePublished":"2019-06-15","dateModified":"2023-05-22","mainEntityOfPage":"https:\/\/www.regec.cz\/krasa-bez-otoku-odrenin-a-modrin\/","author":{"@type":"Person","@id":"https:\/\/www.regec.cz\/author\/#Person","name":"","url":"https:\/\/www.regec.cz\/author\/","identifier":1,"image":{"@type":"ImageObject","@id":"https:\/\/secure.gravatar.com\/avatar\/c065076eb86551fdb70725c8063acf1b60a8edaed14ed654228c4cba13121c83?s=96&d=mm&r=g","url":"https:\/\/secure.gravatar.com\/avatar\/c065076eb86551fdb70725c8063acf1b60a8edaed14ed654228c4cba13121c83?s=96&d=mm&r=g","height":96,"width":96}},"publisher":{"@type":"Organization","name":"regec.cz","logo":{"@type":"ImageObject","@id":"\/logo.png","url":"\/logo.png","width":600,"height":60}},"image":{"@type":"ImageObject","@id":"https:\/\/www.regec.cz\/wp-content\/uploads\/img_a346081_w2234_t1560065083.jpg","url":"https:\/\/www.regec.cz\/wp-content\/uploads\/img_a346081_w2234_t1560065083.jpg","height":0,"width":0},"keywords":null}]}