[{"@context":"https:\/\/schema.org\/","@type":"Article","@id":"https:\/\/www.regec.cz\/na-cviceni\/#Article","mainEntityOfPage":"https:\/\/www.regec.cz\/na-cviceni\/","headline":"Na cvi\u010den\u00ed","name":"Na cvi\u010den\u00ed","description":"V\u017edycky jsem o sob\u011b pe\u010dovala a r\u00e1da jsem chodila tak\u00e9 do posilovny. Moje prvn\u00ed n\u00e1v\u0161t\u011bva posilovny byla, kdy\u017e mi bylo asi \u0161estn\u00e1ct let. A i kdy\u017e jsem cht\u011bla do posilovny","datePublished":"2023-06-26","dateModified":"2023-06-26","author":{"@type":"Person","@id":"https:\/\/www.regec.cz\/author\/#Person","name":"","url":"https:\/\/www.regec.cz\/author\/","identifier":1,"image":{"@type":"ImageObject","@id":"https:\/\/secure.gravatar.com\/avatar\/c065076eb86551fdb70725c8063acf1b60a8edaed14ed654228c4cba13121c83?s=96&d=mm&r=g","url":"https:\/\/secure.gravatar.com\/avatar\/c065076eb86551fdb70725c8063acf1b60a8edaed14ed654228c4cba13121c83?s=96&d=mm&r=g","height":96,"width":96}},"publisher":{"@type":"Organization","name":"regec.cz","logo":{"@type":"ImageObject","@id":"\/logo.png","url":"\/logo.png","width":600,"height":60}},"image":{"@type":"ImageObject","@id":"https:\/\/www.regec.cz\/wp-content\/uploads\/barbell-1839087_1280.jpg","url":"https:\/\/www.regec.cz\/wp-content\/uploads\/barbell-1839087_1280.jpg","height":0,"width":0},"url":"https:\/\/www.regec.cz\/na-cviceni\/","about":["Slu\u017eby"],"wordCount":388,"articleBody":"       V\u017edycky jsem o sob\u011b pe\u010dovala a r\u00e1da jsem chodila tak\u00e9 do posilovny. Moje prvn\u00ed n\u00e1v\u0161t\u011bva posilovny byla, kdy\u017e mi bylo asi \u0161estn\u00e1ct let. A i kdy\u017e jsem cht\u011bla do posilovny chodit d\u0159\u00edve, tak mi to moje maminka necht\u011bla dovolit, proto\u017ee jsem pr\u00fd je\u0161t\u011b byla ve v\u00fdvinu a v r\u016fstu. A mo\u017en\u00e1 v \u0161estn\u00e1cti letech tak\u00e9, ale moje maminka \u0159ekla, \u017ee kdy\u017e se nebudu \u00fapln\u011b p\u0159et\u011b\u017eovat a nebudu to p\u0159eh\u00e1n\u011bt a budu cvi\u010dit norm\u00e1ln\u011b, tak mi to povol\u00ed. Samoz\u0159ejm\u011b, \u017ee jsem tam chodila hlavn\u011b s kamar\u00e1dkami si popov\u00eddat a tak\u00e9 jsme cvi\u010dily hlavn\u011b jenom na t\u011bch leh\u010d\u00edch stroj\u00edch a nepou\u017e\u00edvali jsme ty t\u011b\u017ek\u00e9 stroje, kde t\u0159eba posunuj\u00ed p\u00e1nov\u00e9. Potom, kdy\u017e mi bylo asi dvacet dva anebo dvacet t\u0159i let, tak jsem si \u0159ekla, \u017ee kdy\u017e po\u0159\u00e1d cvi\u010d\u00edm a posiluji, \u017ee bych tak\u00e9 mohla u\u017e\u00edvat n\u011bjak\u00e9 potravinov\u00e9 dopl\u0148ky, kter\u00e9 zlep\u0161\u00ed m\u016fj metabolismus a tak\u00e9 podpo\u0159\u00ed svalovou tk\u00e1\u0148. Pod\u00edvala jsem se na webov\u00e9 str\u00e1nky us-supplements.to, kde jsou r\u016fzn\u00e9 monohydr\u00e1ty a hydrochloridy, kter\u00e9 jsou opravdu kvalitn\u00ed kreatiny. Jsou opravdu mimo\u0159\u00e1dn\u011b dob\u0159e vst\u0159ebateln\u00e9 a jsou odoln\u00e9 v\u016f\u010di kysel\u00e9mu prost\u0159ed\u00ed. Proto je to skv\u011bl\u00e9 a nem\u00e1 vedlej\u0161\u00ed \u00fa\u010dinky jako nap\u0159\u00edklad nad\u00fdm\u00e1n\u00ed anebo zbyte\u010dn\u00e9 zadr\u017eov\u00e1n\u00ed vody v t\u011ble. Tak\u017ee jsem si \u0159ekla, \u017ee tohle bude naprosto pro m\u011b perfektn\u00ed.Nav\u00edc tak\u00e9 m\u016fj p\u0159\u00edtel, kter\u00e9ho u\u017e jsem potkala v posilovn\u011b, taky on u\u017e\u00edv\u00e1 r\u016fzn\u00e9 suplementy, kter\u00e9 kupuje na stejn\u00e9 webov\u00e9 str\u00e1nce, stejn\u011b jako j\u00e1. A nap\u0159\u00edklad Ty m\u011b tak\u00e9 zaujal americk\u00fd suplement, kter\u00fd se samoz\u0159ejm\u011b pod\u00edl\u00ed na spr\u00e1vn\u00e9m fungov\u00e1n\u00ed organismu. Tohle pot\u0159ebuje samoz\u0159ejm\u011b ka\u017ed\u00fd cvi\u010denec, proto\u017ee pokud by v\u00e1m nefungoval spr\u00e1vn\u011b organismus a kdybyste st\u00e1le unaveni, tak pak cvi\u010den\u00ed by nem\u011blo v\u016fbec \u017e\u00e1dn\u00fd smysl. A nap\u0159\u00edklad prodej ibutamorenu zn\u00e1te? Pokud ne, tak je to velik\u00e1 \u0161koda, proto\u017ee pr\u00e1v\u011b &#8212;&#8212;- je naprosto ide\u00e1ln\u00ed pro v\u0161echny, kte\u0159\u00ed cht\u011bj\u00ed pro sebe n\u011bco v\u00edce d\u011blat.                                                                                                                                                                                                                                                                                                                                                                                                   "},{"@context":"https:\/\/schema.org\/","@type":"BreadcrumbList","itemListElement":[{"@type":"ListItem","position":1,"name":"Na cvi\u010den\u00ed","item":"https:\/\/www.regec.cz\/na-cviceni\/#breadcrumbitem"}]}]