[{"@context":"https:\/\/schema.org\/","@type":"Article","@id":"https:\/\/www.regec.cz\/mercedes-benz-c220d-4matic\/#Article","mainEntityOfPage":"https:\/\/www.regec.cz\/mercedes-benz-c220d-4matic\/","headline":"Mercedes-Benz C220d 4MATIC","name":"Mercedes-Benz C220d 4MATIC","description":"T\u0159\u00edda C je pro Mercedes nesm\u00edrn\u011b d\u016fle\u017eit\u00e1, je to toti\u017e jeden z jejich nejprod\u00e1van\u011bj\u0161\u00edch model\u016f. Proto se nen\u00ed \u010demu divit \u017ee i po relativn\u011b kr\u00e1tk\u00e9 dob\u011b p\u0159ich\u00e1z\u00ed na trh facelift.","datePublished":"2019-11-10","dateModified":"2023-05-22","author":{"@type":"Person","@id":"https:\/\/www.regec.cz\/author\/#Person","name":"","url":"https:\/\/www.regec.cz\/author\/","identifier":1,"image":{"@type":"ImageObject","@id":"https:\/\/secure.gravatar.com\/avatar\/c065076eb86551fdb70725c8063acf1b60a8edaed14ed654228c4cba13121c83?s=96&d=mm&r=g","url":"https:\/\/secure.gravatar.com\/avatar\/c065076eb86551fdb70725c8063acf1b60a8edaed14ed654228c4cba13121c83?s=96&d=mm&r=g","height":96,"width":96}},"publisher":{"@type":"Organization","name":"regec.cz","logo":{"@type":"ImageObject","@id":"\/logo.png","url":"\/logo.png","width":600,"height":60}},"image":{"@type":"ImageObject","@id":"https:\/\/www.regec.cz\/wp-content\/uploads\/img_a360998_w3347_t1574519983.jpg","url":"https:\/\/www.regec.cz\/wp-content\/uploads\/img_a360998_w3347_t1574519983.jpg","height":0,"width":0},"url":"https:\/\/www.regec.cz\/mercedes-benz-c220d-4matic\/","about":["Auto moto"],"wordCount":384,"articleBody":"T\u0159\u00edda C je pro Mercedes nesm\u00edrn\u011b d\u016fle\u017eit\u00e1, je to toti\u017e jeden z jejich nejprod\u00e1van\u011bj\u0161\u00edch model\u016f. Proto se nen\u00ed \u010demu divit \u017ee i po relativn\u011b kr\u00e1tk\u00e9 dob\u011b p\u0159ich\u00e1z\u00ed na trh facelift. Co se t\u00fd\u010de p\u0159edku, jsou zde nov\u00e9 adaptivn\u00ed Multi-Beam sv\u011btla, kter\u00e1 jsou v dne\u0161n\u00ed dob\u011b nejlep\u0161\u00ed mezi sv\u011btly. V kombinaci s prvky z AMG linie, auto p\u016fsob\u00ed dokonale vyv\u00e1\u017een\u00e9 mezi takov\u00fdm zdrav\u00fdm sportovn\u00edm charakterem. V r\u00e1mci z p\u0159\u00edplatk\u016f AMG linie nesm\u00edme zapomenout ani na 19palcov\u00e9 pneumatiky s rozm\u011brem 225\/40. Ohledn\u011b zadn\u00ed \u010d\u00e1sti Mercedes \u0159e\u0161il probl\u00e9m, jeliko\u017e mnoho lid\u00ed si pletlo t\u0159\u00eddu C s t\u0159\u00eddou S bylo to hlavn\u011b kv\u016fli tvarov\u00e1n\u00ed zadn\u00edch skupinov\u00fdch sv\u011btel, a hlavn\u011b kv\u016fli jejich intern\u00ed grafice kter\u00e1 a\u017e n\u00e1padn\u011b p\u0159ipom\u00ednala t\u0159\u00eddu S. Objem kufru \u010din\u00ed zhruba 480l, v t\u00e9to t\u0159\u00edd\u011b je to adekv\u00e1tn\u00ed hodnota.&#13; &#13; &#13; &#13; Za ozna\u010den\u00edm 220d se skr\u00fdv\u00e1 standartn\u00ed naftov\u00fd \u010dty\u0159v\u00e1lec s objemem 2.0L a v\u00fdkonem 143kW (190 kon\u00ed), kroutiv\u00fd moment je na \u00farovni 400Nm. Nechyb\u00ed ani pohon v\u0161ech \u010dty\u0159 kol d\u00edky syst\u00e9mu 4MATIC. &#13; &#13; Faceliftovan\u00e1 t\u0159\u00edda C se sice nedo\u010dkala toho pomysln\u00e9ho jednolit\u00e9ho displeje, podobn\u011b jako t\u0159\u00edda A nebo E. P\u0159ed v\u00e1mi je pln\u011b digit\u00e1ln\u00ed virtu\u00e1ln\u00ed p\u0159\u00edstrojov\u00fd \u0161t\u00edt dopln\u011bn\u00fd o displej infotainmentu, kter\u00fd v\u0161ak nen\u00ed dotykov\u00fd. Co se t\u00fdk\u00e1 p\u0159edn\u00edho virtu\u00e1ln\u00edho p\u0159\u00edstrojov\u00e9ho \u0161t\u00edtu, m\u00e1te na v\u00fdb\u011br 3 varianty zobrazen\u00ed \u2013 Klasick\u00fd, Sportovn\u00ed a Progresivn\u00ed. V r\u00e1mci faceliftu t\u0159\u00edda C dostala takt\u00e9\u017e i nov\u00fd volant. Samotn\u00e9 zpracov\u00e1n\u00ed interi\u00e9ru je perfektn\u00ed, Mercedes odvedl opravdu v\u00fdbornou pr\u00e1ci, kr\u00e1sn\u00fd d\u0159ev\u011bn\u00fd obklad v kombinaci s hlin\u00edkem, palubov\u00e1 deska ob\u0161it\u00e1 k\u016f\u017e\u00ed, kr\u00e1sn\u00e9 \u010daloun\u011bn\u00ed dve\u0159\u00ed.&#13; &#13; &#13; C220d p\u0159\u00edjemn\u011b p\u0159ekvapilo motorizac\u00ed a podvozkem a takt\u00e9\u017e odhlu\u010dn\u011bn\u00edm, to odhlu\u010dn\u011bn\u00ed je tu excelentn\u00ed, v porovn\u00e1n\u00ed s BMW M3 je Mercedes opravdu n\u011bkde jinde. D\u00edky nalad\u011bn\u00ed samotn\u00e9ho podvozku toto auto jednodu\u0161e uklid\u0148uje, v komfortn\u00edm re\u017eimu je podvozek velmi m\u011bkk\u00fd.&#13;                                                                                                                                                                                                                                                                                                                                                                                         4.3\/5 - (9 votes)        "},{"@context":"https:\/\/schema.org\/","@type":"BreadcrumbList","itemListElement":[{"@type":"ListItem","position":1,"name":"Mercedes-Benz C220d 4MATIC","item":"https:\/\/www.regec.cz\/mercedes-benz-c220d-4matic\/#breadcrumbitem"}]}]