[{"@context":"https:\/\/schema.org\/","@type":"Article","@id":"https:\/\/www.regec.cz\/jak-se-provadi-uklid-kancelari\/#Article","mainEntityOfPage":"https:\/\/www.regec.cz\/jak-se-provadi-uklid-kancelari\/","headline":"Jak se prov\u00e1d\u00ed \u00faklid kancel\u00e1\u0159\u00ed","name":"Jak se prov\u00e1d\u00ed \u00faklid kancel\u00e1\u0159\u00ed","description":"Nejen n\u00e1\u0161 domov pot\u0159ebuje \u010das od \u010dasu uklidit. I na m\u00edstech, kde pracujeme, se hromad\u00ed prach a \u0161p\u00edna. To plat\u00ed i v p\u0159\u00edpad\u011b, \u017ee m\u00e1me p\u011bknou, dob\u0159e vybavenou kancel\u00e1\u0159. I","datePublished":"2020-03-07","dateModified":"2023-05-22","author":{"@type":"Person","@id":"https:\/\/www.regec.cz\/author\/#Person","name":"","url":"https:\/\/www.regec.cz\/author\/","identifier":1,"image":{"@type":"ImageObject","@id":"https:\/\/secure.gravatar.com\/avatar\/c065076eb86551fdb70725c8063acf1b60a8edaed14ed654228c4cba13121c83?s=96&d=mm&r=g","url":"https:\/\/secure.gravatar.com\/avatar\/c065076eb86551fdb70725c8063acf1b60a8edaed14ed654228c4cba13121c83?s=96&d=mm&r=g","height":96,"width":96}},"publisher":{"@type":"Organization","name":"regec.cz","logo":{"@type":"ImageObject","@id":"\/logo.png","url":"\/logo.png","width":600,"height":60}},"image":{"@type":"ImageObject","@id":"https:\/\/www.regec.cz\/wp-content\/uploads\/uklid3.png","url":"https:\/\/www.regec.cz\/wp-content\/uploads\/uklid3.png","height":0,"width":0},"url":"https:\/\/www.regec.cz\/jak-se-provadi-uklid-kancelari\/","about":["Slu\u017eby"],"wordCount":452,"articleBody":"Nejen n\u00e1\u0161 domov pot\u0159ebuje \u010das od \u010dasu uklidit. I na m\u00edstech, kde pracujeme, se hromad\u00ed prach a \u0161p\u00edna. To plat\u00ed i v p\u0159\u00edpad\u011b, \u017ee m\u00e1me p\u011bknou, dob\u0159e vybavenou kancel\u00e1\u0159. I ta v\u0161ak mus\u00ed b\u00fdt pravideln\u011b vysm\u00fd\u010dena. A d\u00e1 se \u0159\u00edci, \u017ee zde na tom z\u00e1le\u017e\u00ed je\u0161t\u011b v\u00edce, ne\u017e doma, nebo\u0165 zde je nutn\u00e9, aby p\u016fsobila profesion\u00e1ln\u00edm dojmem. Jen tak je mo\u017en\u00e9 ud\u011blat dojem na z\u00e1kazn\u00edky.Je samoz\u0159ejm\u011b jasn\u00e9, \u017ee pracovn\u00edci sami \u00faklid kancel\u00e1\u0159\u00ed neprov\u00e1d\u00ed. Od toho tam jsou ukl\u00edze\u010di a ukl\u00edze\u010dky. Ti mohou b\u00fdt bu\u010f pracovn\u00edci n\u011bjak\u00e9 profesion\u00e1ln\u00ed \u00faklidov\u00e9 firmy, av\u0161ak je\u0161t\u011b \u010dast\u011bji se jedn\u00e1 p\u0159edev\u0161\u00edm o star\u0161\u00ed lidi, kte\u0159\u00ed si cht\u011bj\u00ed n\u011bco p\u0159ivyd\u011blat k d\u016fchodu. Na tom samoz\u0159ejm\u011b nen\u00ed nic \u0161patn\u00e9ho, av\u0161ak je to skute\u010dn\u011b dobr\u00fd n\u00e1pad?K tomu, abychom se rozhodli spr\u00e1vn\u011b, mus\u00edme zv\u00e1\u017eit n\u011bkolik faktor\u016f. Zat\u00edmco je pravda, \u017ee najmut\u00ed \u010dlov\u011bka v d\u016fchodov\u00e9m v\u011bku jako soukrom\u00e9 osoby vyjde podstatn\u011b levn\u011bji, mus\u00edme vz\u00edt v \u00favahu, \u017ee nemus\u00ed m\u00edt dostatek znalost\u00ed a zku\u0161enost\u00ed, aby v\u0161e spr\u00e1vn\u011b zvl\u00e1dl.Plat\u00ed to zejm\u00e9na, pokud m\u00e1te n\u00e1bytek \u010di koberec z n\u011bjak\u00e9ho neobvykl\u00e9ho, citliv\u00e9ho materi\u00e1lu. Pracovn\u00edci profesion\u00e1ln\u00edch \u00faklidov\u00fdch firem toti\u017e v\u011bd\u00ed, co mohou na kter\u00fd povrch pou\u017e\u00edt a kter\u00e9 \u010distidlo je pro danou situaci nejvhodn\u011bj\u0161\u00ed a nej\u00fa\u010dinn\u011bj\u0161\u00ed.Nav\u00edc mus\u00edme vz\u00edt v \u00favahu fakt, \u017ee soukrom\u00e1 ukl\u00edze\u010dka nemus\u00ed um\u00fdt v\u0161echno. Nap\u0159\u00edklad ji nemus\u00ed napadnout, \u017ee by m\u011bla vy\u010distit i tohle \u010di tamto, \u017ee by m\u011bla ot\u0159\u00edt i desku stolu nebo kl\u00e1vesnici od po\u010d\u00edta\u010de.Av\u0161ak a\u010dkoliv se zd\u00e1, \u017ee se pracovn\u00edk, kter\u00fd v dan\u00e9 kancel\u00e1\u0159i vykon\u00e1v\u00e1 svou pr\u00e1ci, nemus\u00ed, co se \u00faklidu t\u00fd\u010de, o nic starat, nen\u00ed to tak docela pravda. V mnoha profes\u00edch se toti\u017e setk\u00e1v\u00e1me s ukl\u00e1d\u00e1n\u00edm citliv\u00fdch dokument\u016f o z\u00e1kazn\u00edc\u00edch p\u0159\u00edpadn\u011b, maj\u00ed k dispozici \u201ekulat\u00e9 raz\u00edtko\u201c.Je jasn\u00e9, \u017ee tyto dokumenty a v\u011bci by nem\u011bly b\u00fdt voln\u011b dostupn\u00e9. I z tohoto d\u016fvodu jsou p\u0159echov\u00e1v\u00e1ny v uzam\u010den\u00fdch sk\u0159\u00edn\u00edch \u010di \u0161upl\u00edc\u00edch, do kter\u00fdch nem\u00e1 nikdo nepovolan\u00fd p\u0159\u00edstup. A to plat\u00ed i o ukl\u00edze\u010dk\u00e1ch. Tyto prostory tedy mus\u00ed pracovn\u00edk ukl\u00edzet s\u00e1m.                                                                                                                                                                                                                                                                                                                                                                                        3.9\/5 - (12 votes)        "},{"@context":"https:\/\/schema.org\/","@type":"BreadcrumbList","itemListElement":[{"@type":"ListItem","position":1,"name":"Jak se prov\u00e1d\u00ed \u00faklid kancel\u00e1\u0159\u00ed","item":"https:\/\/www.regec.cz\/jak-se-provadi-uklid-kancelari\/#breadcrumbitem"}]}]