[{"@context":"https:\/\/schema.org\/","@type":"Article","@id":"https:\/\/www.regec.cz\/jak-prezit-duchod\/#Article","mainEntityOfPage":"https:\/\/www.regec.cz\/jak-prezit-duchod\/","headline":"Jak p\u0159e\u017e\u00edt d\u016fchod","name":"Jak p\u0159e\u017e\u00edt d\u016fchod","description":"&#13; U\u017e kr\u00e1tce po sametov\u00e9 revoluci mluvili realisti\u010dt\u00ed politici ve\u0159ejn\u011b o tom, \u017ee kles\u00e1 popula\u010dn\u00ed k\u0159ivka, \u017ee st\u00e1rneme a tud\u00ed\u017e p\u0159ijde doba, kdy u\u017e z d\u016fchod\u016f nebude mo\u017en\u00e9 vy\u017e\u00edt, pakli\u017ee","datePublished":"2018-12-18","dateModified":"2023-05-22","author":{"@type":"Person","@id":"https:\/\/www.regec.cz\/author\/#Person","name":"","url":"https:\/\/www.regec.cz\/author\/","identifier":1,"image":{"@type":"ImageObject","@id":"https:\/\/secure.gravatar.com\/avatar\/c065076eb86551fdb70725c8063acf1b60a8edaed14ed654228c4cba13121c83?s=96&d=mm&r=g","url":"https:\/\/secure.gravatar.com\/avatar\/c065076eb86551fdb70725c8063acf1b60a8edaed14ed654228c4cba13121c83?s=96&d=mm&r=g","height":96,"width":96}},"publisher":{"@type":"Organization","name":"regec.cz","logo":{"@type":"ImageObject","@id":"\/logo.png","url":"\/logo.png","width":600,"height":60}},"image":{"@type":"ImageObject","@id":"https:\/\/www.regec.cz\/wp-content\/uploads\/img_a332921_w2172_t1546028239.jpg","url":"https:\/\/www.regec.cz\/wp-content\/uploads\/img_a332921_w2172_t1546028239.jpg","height":0,"width":0},"url":"https:\/\/www.regec.cz\/jak-prezit-duchod\/","about":["Pen\u00edze"],"wordCount":588,"articleBody":"&#13; U\u017e kr\u00e1tce po sametov\u00e9 revoluci mluvili realisti\u010dt\u00ed politici ve\u0159ejn\u011b o tom, \u017ee kles\u00e1 popula\u010dn\u00ed k\u0159ivka, \u017ee st\u00e1rneme a tud\u00ed\u017e p\u0159ijde doba, kdy u\u017e z d\u016fchod\u016f nebude mo\u017en\u00e9 vy\u017e\u00edt, pakli\u017ee tedy v\u016fbec je\u0161t\u011b n\u011bjak\u00e9 d\u016fchody budou. U\u017e tehdy byli na\u0161inci d\u016frazn\u011b varov\u00e1ni, \u017ee se mus\u00ed na penzi p\u0159ipojistit nebo si po\u0159\u00eddit n\u011bjak\u00e9 jin\u00e9 zdroje, z nich\u017e by jednou mohli \u017e\u00edt.&#13; &#13; &#13; A dopadlo to jako u\u017e tolikr\u00e1t v z\u00e1le\u017eitostech jin\u00fdch. Lidi p\u0159estalo bavit se uskrom\u0148ovat, podobn\u00e9 zpr\u00e1vy jim \u0161ly st\u00e1le \u010dast\u011bji jedn\u00edm uchem dovnit\u0159 a druh\u00fdm ven. Bylo tak kr\u00e1sn\u00e9 u\u017e\u00edvat si nov\u011b nabyt\u00e9 svobody a d\u0159\u00edve netu\u0161en\u00fdch mo\u017enost\u00ed, \u017ee se na\u0161inci vesm\u011bs p\u0159estali o ot\u00e1zku sv\u00e9ho st\u00e1\u0159\u00ed starat.&#13; &#13; A dnes m\u00e1me to, co m\u00e1me. Najednou tu m\u00e1me z\u00e1stupy penzist\u016f, z nich\u017e pr\u00fd spousta \u017eije prachb\u00eddn\u011b. Mnoho z nich pr\u00fd m\u00e1 probl\u00e9my s placen\u00edm n\u00e1jmu, l\u00e9k\u016f, ba i potravin, mnoho z nich kr\u00e1\u010d\u00ed sv\u011btem o \u017eebr\u00e1ck\u00e9 holi. A v\u0161ichni takov\u00ed doufaj\u00ed, \u017ee jim n\u011bkdo pom\u016f\u017ee. A proto\u017ee jsou pom\u011brn\u011b v\u00fdznamnou \u010d\u00e1st\u00ed voli\u010dstva, vl\u00e1dci si je kupuj\u00ed zvy\u0161ov\u00e1n\u00edm penz\u00ed nad mo\u017enosti st\u00e1tu a d\u016fchodov\u00e9ho syst\u00e9mu. Podpory se dost\u00e1v\u00e1 i t\u011bm, kdo u\u017e v produktivn\u00edm v\u011bku dob\u0159e v\u011bd\u011bli, \u017ee to jednou p\u0159ijde, a prost\u011b se na to vyka\u0161lali s t\u00edm, \u017ee \u201en\u011bjak bylo, n\u011bjak bude\u201c.&#13; &#13; &#13; Dnes tedy populisti\u010dt\u00ed vl\u00e1dci d\u016fchodc\u016fm p\u0159id\u00e1vaj\u00ed v\u00edce, ne\u017e mus\u00ed, ba i v\u00edce, ne\u017e si na\u0161e zadlu\u017een\u00e1 zem\u011b m\u016f\u017ee dovolit. Dnes se to je\u0161t\u011b n\u011bjak d\u00e1 za\u0159\u00eddit, dnes se je\u0161t\u011b najde n\u011bkdo, kdo na to st\u00e1tu p\u016fj\u010d\u00ed.&#13; &#13; Jen\u017ee v budoucnosti\u2026&#13; &#13; Nev\u011b\u0159me tomu, \u017ee d\u016fchodce \u010dek\u00e1 z\u00e1\u0159n\u00e1 budoucnost! Star\u00fdch lid\u00ed bude v\u00edc a v\u00edc, mlad\u00fdch m\u00ed\u0148 a m\u00ed\u0148, a \u017ee by n\u00e1s v penzi \u017eivili imigranti, tomu v\u011b\u0159\u00ed snad jedin\u011b bl\u00e1zni. A na dluh se ned\u00e1 \u017e\u00edt nekone\u010dn\u011b. A tak je u\u017e zase sly\u0161et i moudr\u00e9, kte\u0159\u00ed n\u00e1m doporu\u010duj\u00ed, abychom na st\u00e1\u0159\u00ed mysleli u\u017e zamlada. Abychom se na sklonek \u017eivota p\u0159ipravovali a v\u010das se zaopat\u0159ili.&#13; &#13; Jak rad\u00ed t\u0159eba, je nejlep\u0161\u00ed za\u010d\u00edt se \u0161et\u0159en\u00edm co nejd\u0159\u00edve, abychom na odpo\u010dinek odch\u00e1zeli s v\u011bt\u0161\u00ed na\u0161et\u0159enou sumou. Nejl\u00e9pe se pak za\u010d\u00edn\u00e1 se \u0161et\u0159en\u00edm, dokud jsme nejen mlad\u00ed, ale i bezd\u011btn\u00ed, a tak nem\u00e1me tak velk\u00e9 v\u00fddaje. M\u00e1me si zalo\u017eit n\u011bjak\u00e9 v\u00fdhodn\u00e9 spo\u0159en\u00ed, stavebn\u00ed spo\u0159en\u00ed nebo penzijn\u00ed poji\u0161t\u011bn\u00ed, m\u00e1me investovat.&#13; &#13; A m\u011bli bychom tak v\u011bru \u010dinit. Abychom ve st\u00e1\u0159\u00ed neum\u0159eli hlady. Jen\u017ee se ob\u00e1v\u00e1m, \u017ee tak op\u011bt mnoz\u00ed neu\u010din\u00ed. \u201eDne\u0161n\u00ed d\u016fchodci jsou p\u0159ece chud\u00e1ci a politici jim ze v\u0161ech sil pom\u00e1haj\u00ed, tak snad pomohou i n\u00e1m,\u201c mysl\u00ed si nelogicky logicky i dne\u0161n\u00ed mlad\u00ed. Kte\u0159\u00ed je\u0161t\u011b netu\u0161\u00ed, jak hloup\u00e9 je roz\u0161\u00ed\u0159en\u00e9 r\u010den\u00ed, \u017ee \u201eje lep\u0161\u00ed se v ml\u00e1d\u00ed umilovat k smrti, ne\u017e ve st\u00e1\u0159\u00ed vzpom\u00ednat na pracovn\u00ed \u00fasp\u011bchy\u201c.&#13;                                                                                                                                                                                                                                                                                                                                                                                         3.8\/5 - (10 votes)        "},{"@context":"https:\/\/schema.org\/","@type":"BreadcrumbList","itemListElement":[{"@type":"ListItem","position":1,"name":"Jak p\u0159e\u017e\u00edt d\u016fchod","item":"https:\/\/www.regec.cz\/jak-prezit-duchod\/#breadcrumbitem"}]}]