{"@context":"https:\/\/schema.org\/","@type":"CollectionPage","@id":"https:\/\/www.regec.cz\/dum-a-byt\/#CollectionPage","headline":"D\u016fm a byt Category","description":"","url":"https:\/\/www.regec.cz\/dum-a-byt\/","hasPart":[{"@type":"Article","@id":"https:\/\/www.regec.cz\/solarni-sprcha-ucinny-pomocnik-zahradkaru-a-majitelu-bazenu\/","headline":"Sol\u00e1rn\u00ed sprcha \u2013 \u00fa\u010dinn\u00fd pomocn\u00edk zahr\u00e1dk\u00e1\u0159\u016f a majitel\u016f baz\u00e9n\u016f","url":"https:\/\/www.regec.cz\/solarni-sprcha-ucinny-pomocnik-zahradkaru-a-majitelu-bazenu\/","datePublished":"2020-05-17","dateModified":"2023-05-22","mainEntityOfPage":"https:\/\/www.regec.cz\/solarni-sprcha-ucinny-pomocnik-zahradkaru-a-majitelu-bazenu\/","author":{"@type":"Person","@id":"https:\/\/www.regec.cz\/author\/#Person","name":"","url":"https:\/\/www.regec.cz\/author\/","identifier":1,"image":{"@type":"ImageObject","@id":"https:\/\/secure.gravatar.com\/avatar\/c065076eb86551fdb70725c8063acf1b60a8edaed14ed654228c4cba13121c83?s=96&d=mm&r=g","url":"https:\/\/secure.gravatar.com\/avatar\/c065076eb86551fdb70725c8063acf1b60a8edaed14ed654228c4cba13121c83?s=96&d=mm&r=g","height":96,"width":96}},"publisher":{"@type":"Organization","name":"regec.cz","logo":{"@type":"ImageObject","@id":"\/logo.png","url":"\/logo.png","width":600,"height":60}},"image":{"@type":"ImageObject","@id":"https:\/\/www.regec.cz\/wp-content\/uploads\/slunce%20na%20obloze.jpg","url":"https:\/\/www.regec.cz\/wp-content\/uploads\/slunce%20na%20obloze.jpg","height":0,"width":0},"keywords":null},{"@type":"Article","@id":"https:\/\/www.regec.cz\/cim-se-lisi-nove-mobilni-domy-od-tech-starych\/","headline":"\u010c\u00edm se li\u0161\u00ed nov\u00e9 mobiln\u00ed domy od t\u011bch star\u00fdch","url":"https:\/\/www.regec.cz\/cim-se-lisi-nove-mobilni-domy-od-tech-starych\/","datePublished":"2020-01-23","dateModified":"2023-05-22","mainEntityOfPage":"https:\/\/www.regec.cz\/cim-se-lisi-nove-mobilni-domy-od-tech-starych\/","author":{"@type":"Person","@id":"https:\/\/www.regec.cz\/author\/#Person","name":"","url":"https:\/\/www.regec.cz\/author\/","identifier":1,"image":{"@type":"ImageObject","@id":"https:\/\/secure.gravatar.com\/avatar\/c065076eb86551fdb70725c8063acf1b60a8edaed14ed654228c4cba13121c83?s=96&d=mm&r=g","url":"https:\/\/secure.gravatar.com\/avatar\/c065076eb86551fdb70725c8063acf1b60a8edaed14ed654228c4cba13121c83?s=96&d=mm&r=g","height":96,"width":96}},"publisher":{"@type":"Organization","name":"regec.cz","logo":{"@type":"ImageObject","@id":"\/logo.png","url":"\/logo.png","width":600,"height":60}},"image":{"@type":"ImageObject","@id":"https:\/\/www.regec.cz\/wp-content\/uploads\/img_a374762_w2186_t1586423079.png","url":"https:\/\/www.regec.cz\/wp-content\/uploads\/img_a374762_w2186_t1586423079.png","height":0,"width":0},"keywords":null},{"@type":"Article","@id":"https:\/\/www.regec.cz\/persky-koberec-ma-misto-v-klasickem-i-modernim-interieru\/","headline":"Persk\u00fd koberec m\u00e1 m\u00edsto v klasick\u00e9m i modern\u00edm interi\u00e9ru!","url":"https:\/\/www.regec.cz\/persky-koberec-ma-misto-v-klasickem-i-modernim-interieru\/","datePublished":"2019-09-20","dateModified":"2023-05-22","mainEntityOfPage":"https:\/\/www.regec.cz\/persky-koberec-ma-misto-v-klasickem-i-modernim-interieru\/","author":{"@type":"Person","@id":"https:\/\/www.regec.cz\/author\/#Person","name":"","url":"https:\/\/www.regec.cz\/author\/","identifier":1,"image":{"@type":"ImageObject","@id":"https:\/\/secure.gravatar.com\/avatar\/c065076eb86551fdb70725c8063acf1b60a8edaed14ed654228c4cba13121c83?s=96&d=mm&r=g","url":"https:\/\/secure.gravatar.com\/avatar\/c065076eb86551fdb70725c8063acf1b60a8edaed14ed654228c4cba13121c83?s=96&d=mm&r=g","height":96,"width":96}},"publisher":{"@type":"Organization","name":"regec.cz","logo":{"@type":"ImageObject","@id":"\/logo.png","url":"\/logo.png","width":600,"height":60}},"image":{"@type":"ImageObject","@id":"https:\/\/www.regec.cz\/wp-content\/uploads\/img_a355061_w3347_t1569506923.jpg","url":"https:\/\/www.regec.cz\/wp-content\/uploads\/img_a355061_w3347_t1569506923.jpg","height":0,"width":0},"keywords":null},{"@type":"Article","@id":"https:\/\/www.regec.cz\/abyste-byli-skutecne-spokojeni\/","headline":"Abyste byli skute\u010dn\u011b spokojeni","url":"https:\/\/www.regec.cz\/abyste-byli-skutecne-spokojeni\/","datePublished":"2017-05-23","dateModified":"2023-05-22","mainEntityOfPage":"https:\/\/www.regec.cz\/abyste-byli-skutecne-spokojeni\/","author":{"@type":"Person","@id":"https:\/\/www.regec.cz\/author\/#Person","name":"","url":"https:\/\/www.regec.cz\/author\/","identifier":1,"image":{"@type":"ImageObject","@id":"https:\/\/secure.gravatar.com\/avatar\/c065076eb86551fdb70725c8063acf1b60a8edaed14ed654228c4cba13121c83?s=96&d=mm&r=g","url":"https:\/\/secure.gravatar.com\/avatar\/c065076eb86551fdb70725c8063acf1b60a8edaed14ed654228c4cba13121c83?s=96&d=mm&r=g","height":96,"width":96}},"publisher":{"@type":"Organization","name":"regec.cz","logo":{"@type":"ImageObject","@id":"\/logo.png","url":"\/logo.png","width":600,"height":60}},"image":{"@type":"ImageObject","@id":"https:\/\/www.regec.cz\/wp-content\/uploads\/img_a290792_w1938_t1503514387.jpg","url":"https:\/\/www.regec.cz\/wp-content\/uploads\/img_a290792_w1938_t1503514387.jpg","height":0,"width":0},"keywords":null}]}