[{"@context":"https:\/\/schema.org\/","@type":"Article","@id":"https:\/\/www.regec.cz\/cim-se-lisi-nove-mobilni-domy-od-tech-starych\/#Article","mainEntityOfPage":"https:\/\/www.regec.cz\/cim-se-lisi-nove-mobilni-domy-od-tech-starych\/","headline":"\u010c\u00edm se li\u0161\u00ed nov\u00e9 mobiln\u00ed domy od t\u011bch star\u00fdch","name":"\u010c\u00edm se li\u0161\u00ed nov\u00e9 mobiln\u00ed domy od t\u011bch star\u00fdch","description":"Asi v\u0161ichni budeme souhlasit s t\u00edm, \u017ee technologie se vyv\u00edj\u00ed neuv\u011b\u0159iteln\u00fdm tempem a tento v\u00fdvoj postupuje \u010d\u00edm d\u00e1l rychleji. Koho by nap\u0159\u00edklad je\u0161t\u011b p\u0159ed deseti lety napadlo, \u017ee se n\u00e1m","datePublished":"2020-01-23","dateModified":"2023-05-22","author":{"@type":"Person","@id":"https:\/\/www.regec.cz\/author\/#Person","name":"","url":"https:\/\/www.regec.cz\/author\/","identifier":1,"image":{"@type":"ImageObject","@id":"https:\/\/secure.gravatar.com\/avatar\/c065076eb86551fdb70725c8063acf1b60a8edaed14ed654228c4cba13121c83?s=96&d=mm&r=g","url":"https:\/\/secure.gravatar.com\/avatar\/c065076eb86551fdb70725c8063acf1b60a8edaed14ed654228c4cba13121c83?s=96&d=mm&r=g","height":96,"width":96}},"publisher":{"@type":"Organization","name":"regec.cz","logo":{"@type":"ImageObject","@id":"\/logo.png","url":"\/logo.png","width":600,"height":60}},"image":{"@type":"ImageObject","@id":"https:\/\/www.regec.cz\/wp-content\/uploads\/img_a374762_w2186_t1586423079.png","url":"https:\/\/www.regec.cz\/wp-content\/uploads\/img_a374762_w2186_t1586423079.png","height":0,"width":0},"url":"https:\/\/www.regec.cz\/cim-se-lisi-nove-mobilni-domy-od-tech-starych\/","about":["D\u016fm a byt"],"wordCount":479,"articleBody":"  Asi v\u0161ichni budeme souhlasit s t\u00edm, \u017ee technologie se vyv\u00edj\u00ed neuv\u011b\u0159iteln\u00fdm tempem a tento v\u00fdvoj postupuje \u010d\u00edm d\u00e1l rychleji. Koho by nap\u0159\u00edklad je\u0161t\u011b p\u0159ed deseti lety napadlo, \u017ee se n\u00e1m telefon, kter\u00fd je v podstat\u011b pln\u011b funk\u010dn\u00ed po\u010d\u00edta\u010d, vejde do kapsy? Podobn\u00fd trend sledujeme samoz\u0159ejm\u011b i v automobilov\u00e9m pr\u016fmyslu, kde jsou vyr\u00e1b\u011bny st\u00e1le lep\u0161\u00ed a lep\u0161\u00ed motory, st\u00e1le dokonalej\u0161\u00ed a bezpe\u010dn\u011bj\u0161\u00ed automobily. To v\u00edme v\u0161ichni, koneckonc\u016f reklamy v televizi na \u201edosud nejbezpe\u010dn\u011bj\u0161\u00ed v\u016fz\u201c b\u011b\u017e\u00ed prakticky ka\u017edou chv\u00edli a jen m\u00e1lokoho minuly. Av\u0161ak zde b\u00fdvaj\u00ed obvykle zobrazeny osobn\u00ed automobily. Nen\u00ed divu, koneckonc\u016f se nejl\u00e9pe prod\u00e1vaj\u00ed. V jejich st\u00ednu v\u0161ak trochu z\u016fst\u00e1vaj\u00ed inovace, https:\/\/www.mpo.cz\/cz\/podnikani\/dotace-a-podpora-podnikani\/oppik-2014-2020\/vyzvy-op-pik-2017\/inovace&#8212;iv&#8211;vyzva&#8211;230208\/  kter\u00e9 byly za dobu jejich v\u00fdvoje provedeny na karavanech, n\u011bkdy naz\u00fdvan\u00fdch tak\u00e9 mobiln\u00ed domy. Ve sv\u00e9 podstat\u011b jde o pln\u011b vybaven\u00e9 dom\u00e1cnosti na kolech. Ty prvn\u00ed v\u0161ak nevypadaly zdaleka tak, jak je zn\u00e1me dnes. Podobaly se sp\u00ed\u0161e autobus\u016fm a disponovaly maxim\u00e1ln\u011b skl\u00e1dac\u00edmi l\u016f\u017eky, kter\u00e1 mohla p\u0159es den slou\u017eit jako gau\u010d. To byl v podstat\u011b ve\u0161ker\u00fd komfort, tedy pokud si tam majitel nekoupil such\u00e9 WC. Nov\u00e9 mobiln\u00ed domy lavarohouse.cz v\u0161ak nab\u00edzej\u00ed pohodl\u00ed a komfort srovnateln\u00e9 s klasick\u00fdm kamenn\u00fdm domem. Najdeme zde elekt\u0159inu, ba i tekouc\u00ed vodu. Tak\u00e9 l\u016f\u017eka jsou mnohem pohodln\u011bj\u0161\u00ed a \u010dasto snesou srovn\u00e1n\u00ed s b\u011b\u017enou postel\u00ed. Zd\u00e1 se tedy, \u017ee zde nic nechyb\u00ed. A je to i pravda, pokud jste \u010dlov\u011bk, kter\u00fd \u017eije s\u00e1m. Pokud je v\u00e1s v\u0161ak v\u00edce, zejm\u00e9na pokud se jedn\u00e1 o rodinu, kde jsou \u010dlenov\u00e9 r\u016fzn\u00fdch v\u011bkov\u00fdch kategori\u00ed, pak nar\u00e1\u017e\u00edme na jednu p\u0159ek\u00e1\u017eku tohoto zp\u016fsobu \u017eivota, a tou je prostor. Ano, dne\u0161n\u00ed karavany se daj\u00ed pon\u011bkud rozt\u00e1hnout, av\u0161ak st\u00e1le mluv\u00edme o pom\u011brn\u011b omezen\u00e9 plo\u0161e, zvl\u00e1\u0161\u0165 ve srovn\u00e1n\u00ed s b\u011b\u017en\u00fdm domem. Nen\u00ed tu tedy mo\u017enost, \u017ee by ka\u017ed\u00fd m\u011bl sv\u016fj prostor, kde by mohl neru\u0161en\u011b d\u011blat, co se mu zl\u00edb\u00ed. \u017de by to nemusel b\u00fdt takov\u00fd probl\u00e9m? Co kdy\u017e se nap\u0159\u00edklad jeden \u010dlen rodiny bude ve\u010der cht\u00edt d\u00edvat na televizi, zat\u00edmco jin\u00fd sp\u00e1t? Co kdy\u017e, nap\u0159\u00edklad u d\u011bt\u00ed, bude jedno hlu\u010det a druh\u00e9 si bude cht\u00edt v klidu \u010d\u00edst? Nen\u00ed v\u0161e tak r\u016f\u017eov\u00e9, jak se na prvn\u00ed pohled zd\u00e1, a n\u011bkter\u00e9 v\u011bci nesprav\u00edme ani v\u00fdvojem. To v\u0161ak neznamen\u00e1, \u017ee se o to nebudeme pokou\u0161et!                                                                                                                                                                                                                                                                                                                                                                                         3.6\/5 - (5 votes)        "},{"@context":"https:\/\/schema.org\/","@type":"BreadcrumbList","itemListElement":[{"@type":"ListItem","position":1,"name":"\u010c\u00edm se li\u0161\u00ed nov\u00e9 mobiln\u00ed domy od t\u011bch star\u00fdch","item":"https:\/\/www.regec.cz\/cim-se-lisi-nove-mobilni-domy-od-tech-starych\/#breadcrumbitem"}]}]