[{"@context":"https:\/\/schema.org\/","@type":"Article","@id":"https:\/\/www.regec.cz\/bez-techniky-se-neobejdu\/#Article","mainEntityOfPage":"https:\/\/www.regec.cz\/bez-techniky-se-neobejdu\/","headline":"Bez techniky se neobejdu","name":"Bez techniky se neobejdu","description":"Technika je n\u011bco, co \u010dlov\u011bka bav\u00ed. Techniku bu\u010f \u010dlov\u011bk miluje anebo techniku v\u016fbec nem\u00e1 r\u00e1d. J\u00e1 jsem docela takov\u00e1, \u017ee m\u00e1m r\u00e1da techniku, a to hlavn\u011b kv\u016fli tomu, \u017ee m\u011b","datePublished":"2023-09-25","dateModified":"2023-09-25","author":{"@type":"Person","@id":"https:\/\/www.regec.cz\/author\/#Person","name":"","url":"https:\/\/www.regec.cz\/author\/","identifier":1,"image":{"@type":"ImageObject","@id":"https:\/\/secure.gravatar.com\/avatar\/c065076eb86551fdb70725c8063acf1b60a8edaed14ed654228c4cba13121c83?s=96&d=mm&r=g","url":"https:\/\/secure.gravatar.com\/avatar\/c065076eb86551fdb70725c8063acf1b60a8edaed14ed654228c4cba13121c83?s=96&d=mm&r=g","height":96,"width":96}},"publisher":{"@type":"Organization","name":"regec.cz","logo":{"@type":"ImageObject","@id":"\/logo.png","url":"\/logo.png","width":600,"height":60}},"image":{"@type":"ImageObject","@id":"https:\/\/www.regec.cz\/wp-content\/uploads\/washing-machine-2425434_960_720.jpg","url":"https:\/\/www.regec.cz\/wp-content\/uploads\/washing-machine-2425434_960_720.jpg","height":0,"width":0},"url":"https:\/\/www.regec.cz\/bez-techniky-se-neobejdu\/","about":["Technika"],"wordCount":423,"articleBody":"Technika je n\u011bco, co \u010dlov\u011bka bav\u00ed. Techniku bu\u010f \u010dlov\u011bk miluje anebo techniku v\u016fbec nem\u00e1 r\u00e1d. J\u00e1 jsem docela takov\u00e1, \u017ee m\u00e1m r\u00e1da techniku, a to hlavn\u011b kv\u016fli tomu, \u017ee m\u011b bav\u00ed va\u0159it. Jsem opravdu v\u00fdborn\u00e1 kucha\u0159ka, i kdy\u017e tedy m\u016fj u\u010debn\u00ed obor nebyl kucha\u0159, ale jsem viz\u00e1\u017eistka a kade\u0159nice, ale \u0159eknu v\u00e1m, \u017ee kucha\u0159ina je moje opravdu druh\u00e9 m\u00edsto, co m\u011b moc bav\u00ed. Bav\u00ed m\u011b tak\u00e9 moje zam\u011bstn\u00e1n\u00ed, kdy jsem viz\u00e1\u017eistka a l\u00ed\u010d\u00edm\u00a0t\u0159eba dokonce i n\u011bkter\u00e9 komparzisty. Kdy\u017e se\u00a0t\u0159eba chystaj\u00ed na n\u011bjak\u00fd film. Tohle m\u011b tak\u00e9 bav\u00ed, ale \u0159eknu v\u00e1m, \u017ee kucha\u0159ina, tak ta je opravdu perfektn\u00ed. A\u00a0tak\u00e9, abych mohla d\u011blat opravdu n\u011bjak\u00e9 skv\u011bl\u00e9 j\u00eddlo, tak pot\u0159ebuji k tomu tak\u00e9 n\u011bjak\u00e9 kuchy\u0148sk\u00e9 pomocn\u00edky. A pr\u00e1v\u011b v elektru v\u017edycky najdu to, co pot\u0159ebuji. Kuchy\u0148sk\u00e1 technika je podle m\u00e9ho n\u00e1zoru opravdu skv\u011bl\u00e1 a j\u00e1 osobn\u011b bych se bez n\u00ed neobe\u0161la. T\u0159eba bez kuchy\u0148sk\u00e9ho robota. M\u00e1m kuchy\u0148sk\u00e9ho robota, kter\u00fd je opravdu perfektn\u00ed a tak\u00e9 m\u011b st\u00e1l t\u00e9m\u011b\u0159 celou v\u00fdplatu. Ale \u0159eknu v\u00e1m, \u017ee s t\u00edm jde d\u011blat t\u00e9m\u011b\u0159 v\u0161echno. Tak\u00e9 jsem mohla vyh\u00e1zet skoro v\u0161echny hrnce, proto\u017ee s t\u00edmto kuchy\u0148sk\u00fdm robotem jsem zvl\u00e1dla t\u00e9m\u011b\u0159 cokoliv, tedy alespo\u0148 moje maminka mi tohle \u0159\u00edkala, proto\u017ee ona ho m\u00e1. Kdy\u017e tohle v\u017edycky \u0159eknu babi\u010dce, jak\u00e1 technika je v kuchyni, tak ona v\u017edycky jenom spr\u00e1skne ruce a \u0159\u00edk\u00e1, \u017ee my mlad\u00ed lid\u00e9 jsme \u00fapln\u011b l\u00edn\u00ed, \u017ee babi\u010dka m\u011bla od ka\u017ed\u00e9ho n\u011bco a \u017ee n\u00e1m sta\u010d\u00ed jenom jeden\u00a0kuchy\u0148sk\u00fd obvod, kter\u00fd stoj\u00ed v\u00edce ne\u017e dvacet tis\u00edc\u00a0korun. Samoz\u0159ejm\u011b, \u017ee tohle beru, \u017ee je to drah\u00e9, ale zase mi to u\u0161et\u0159\u00ed pr\u00e1ci. Ale zase na dal\u0161\u00ed stranu berou to, \u017ee kdy\u017e m\u011b to bav\u00ed, tak samoz\u0159ejm\u011b potom tak\u00e9 budu cht\u00edt m\u00edt kvalitn\u00ed n\u00e1\u0159ad\u00ed a dal\u0161\u00ed v\u011bci, abych mohla d\u011blat to, co m\u011b bav\u00ed. Stejn\u011b tak jako viz\u00e1\u017eistka chci m\u00edt kvalitn\u00ed kosmetiku a kosmetick\u00e9 pom\u016fcky. Tak tak\u00e9 to, \u017ee m\u011b bav\u00ed va\u0159it a n\u011bco kuchtit, tak tak\u00e9 chci m\u00edt kvalitn\u00ed kuchy\u0148sk\u00e9 n\u00e1\u010din\u00ed. A kuchy\u0148sk\u00e1 technika je dneska opravdu perfektn\u00ed.\u00a0                                                                                                                                                                                                                                                                                                                                                                                        4.2\/5 - (11 votes)        "},{"@context":"https:\/\/schema.org\/","@type":"BreadcrumbList","itemListElement":[{"@type":"ListItem","position":1,"name":"Bez techniky se neobejdu","item":"https:\/\/www.regec.cz\/bez-techniky-se-neobejdu\/#breadcrumbitem"}]}]